{"id":12560,"date":"2024-12-19T15:31:04","date_gmt":"2024-12-19T14:31:04","guid":{"rendered":"https:\/\/www.nutritionetsante.com\/orgullosos-de-participar-en-la-semana-europea-para-el-empleo-de-las-personas-con-discapacidad-%e2%9c%a8\/"},"modified":"2026-04-28T15:31:59","modified_gmt":"2026-04-28T13:31:59","slug":"orgullosos-de-participar-en-la-semana-europea-para-el-empleo-de-las-personas-con-discapacidad-%e2%9c%a8","status":"publish","type":"post","link":"https:\/\/www.nutritionetsante.com\/es\/orgullosos-de-participar-en-la-semana-europea-para-el-empleo-de-las-personas-con-discapacidad-%e2%9c%a8\/","title":{"rendered":"Orgullosos de participar en la Semana Europea para el Empleo de las Personas con Discapacidad &#x2728;"},"content":{"rendered":"\n<p>Un a\u00f1o m\u00e1s, estamos encantados y orgullosos de participar en la <strong>Semana Europea para el Empleo de las Personas con Discapacidad<\/strong>, que se celebr\u00f3 del <strong>18 al 24 de noviembre<\/strong>.<\/p>\n\n<p>El <strong>18 de noviembre<\/strong>, en el marco de nuestra colaboraci\u00f3n con <strong>Isostar<\/strong>, tuvimos el placer de recibir en nuestras instalaciones de Revel <strong>a cuatro atletas paral\u00edmpicos<\/strong>:<br\/>&#x1f3c5; <strong>Alexandre L\u00c9AUT\u00c9<\/strong><br\/>&#x1f3c5; <strong>Anne-Sophie Centis<\/strong><br\/>&#x1f3c5; <strong>Dimitri Pavad\u00e9<\/strong><br\/>&#x1f3c5; <strong>C\u00e9lia Terki<\/strong><\/p>\n\n<p><strong>150 empleados<\/strong> participaron en varios talleres de sensibilizaci\u00f3n sobre la inclusi\u00f3n:<br\/>\u27a4 <strong>Torneo de rugby en silla de ruedas<\/strong> en equipos de 4 &#x1f3c9;<br\/>\u27a4 <strong>Desaf\u00edo contrarreloj a d\u00fao en silla de ruedas<\/strong> &#x23f1;&#xfe0f;<br\/>\u27a4 <strong>Introducci\u00f3n a la lengua de signos francesa<\/strong> &#x1f91f;<\/p>\n\n<p>\u00a1Tambi\u00e9n pudieron <strong>charlar con nuestros atletas<\/strong> en una mesa redonda interactiva y disfrutar de una sesi\u00f3n de firmas &#x1f4f8;!<\/p>\n\n<p>A lo largo del a\u00f1o, nuestras Unidades de Negocio se comprometen a promover la inclusi\u00f3n de las personas con discapacidad a trav\u00e9s de <strong>inspiradoras iniciativas locales<\/strong>:<\/p>\n\n<p>&#x1f30d; <strong>Benelux<\/strong>: desayuno anual organizado con <strong>Lidwina vzw<\/strong>, un socio log\u00edstico comprometido con el empoderamiento de las personas con discapacidad.<br\/>&#x1f30d; <strong>Espa\u00f1a<\/strong>: actividad de team building con la <strong>asociaci\u00f3n ALPI<\/strong>, que permite a nuestros equipos sumergirse en la vida cotidiana de las personas con discapacidad mental.<br\/>&#x1f30d; <strong>Italia<\/strong>: jornada en la granja para compartir actividades en torno a la sostenibilidad y la inclusi\u00f3n con ni\u00f1os con discapacidad.<br\/>&#x1f30d; <strong>Francia<\/strong>: participaci\u00f3n en <strong> el #DuoDay<\/strong>, que nos permite acoger a una persona con discapacidad para ayudarle a descubrir un empleo y sumergirse en la empresa.<\/p>\n\n<p>Adem\u00e1s de estas iniciativas, nos comprometemos a <strong>acabar con los prejuicios sobre la discapacidad, a animar a las personas a emprender vocaciones y a crear nuevas oportunidades de colaboraci\u00f3n<\/strong> &#x1f64c;&#x1f499;.<\/p>\n\n<figure class=\"wp-block-gallery has-nested-images columns-default is-cropped wp-block-gallery-2 is-layout-flex wp-block-gallery-is-layout-flex\">\n<figure class=\"wp-block-image size-large\"><img fetchpriority=\"high\" decoding=\"async\" width=\"768\" height=\"1024\" data-id=\"11325\" src=\"https:\/\/www.nutritionetsante.com\/wp-content\/uploads\/2025\/03\/img4-768x1024.jpg\" alt=\"\" class=\"wp-image-11325\" srcset=\"https:\/\/www.nutritionetsante.com\/wp-content\/uploads\/2025\/03\/img4-768x1024.jpg 768w, https:\/\/www.nutritionetsante.com\/wp-content\/uploads\/2025\/03\/img4-225x300.jpg 225w, https:\/\/www.nutritionetsante.com\/wp-content\/uploads\/2025\/03\/img4-1152x1536.jpg 1152w, https:\/\/www.nutritionetsante.com\/wp-content\/uploads\/2025\/03\/img4-1024x1365.jpg 1024w, https:\/\/www.nutritionetsante.com\/wp-content\/uploads\/2025\/03\/img4.jpg 1440w\" sizes=\"(max-width: 768px) 100vw, 768px\" \/><\/figure>\n\n\n\n<figure class=\"wp-block-image size-large\"><img decoding=\"async\" width=\"768\" height=\"1024\" data-id=\"11324\" src=\"https:\/\/www.nutritionetsante.com\/wp-content\/uploads\/2025\/03\/img22-768x1024.jpg\" alt=\"\" class=\"wp-image-11324\" srcset=\"https:\/\/www.nutritionetsante.com\/wp-content\/uploads\/2025\/03\/img22-768x1024.jpg 768w, https:\/\/www.nutritionetsante.com\/wp-content\/uploads\/2025\/03\/img22-225x300.jpg 225w, https:\/\/www.nutritionetsante.com\/wp-content\/uploads\/2025\/03\/img22-1152x1536.jpg 1152w, https:\/\/www.nutritionetsante.com\/wp-content\/uploads\/2025\/03\/img22-1024x1365.jpg 1024w, https:\/\/www.nutritionetsante.com\/wp-content\/uploads\/2025\/03\/img22.jpg 1200w\" sizes=\"(max-width: 768px) 100vw, 768px\" \/><\/figure>\n\n\n\n<figure class=\"wp-block-image size-large\"><img decoding=\"async\" width=\"800\" height=\"600\" data-id=\"11323\" src=\"https:\/\/www.nutritionetsante.com\/wp-content\/uploads\/2025\/03\/img28.jpg\" alt=\"\" class=\"wp-image-11323\" srcset=\"https:\/\/www.nutritionetsante.com\/wp-content\/uploads\/2025\/03\/img28.jpg 800w, https:\/\/www.nutritionetsante.com\/wp-content\/uploads\/2025\/03\/img28-300x225.jpg 300w, https:\/\/www.nutritionetsante.com\/wp-content\/uploads\/2025\/03\/img28-768x576.jpg 768w\" sizes=\"(max-width: 800px) 100vw, 800px\" \/><\/figure>\n\n\n\n<figure class=\"wp-block-image size-large\"><img loading=\"lazy\" decoding=\"async\" width=\"1024\" height=\"518\" data-id=\"11336\" src=\"https:\/\/www.nutritionetsante.com\/wp-content\/uploads\/2025\/03\/img31-1024x518.jpg\" alt=\"\" class=\"wp-image-11336\" srcset=\"https:\/\/www.nutritionetsante.com\/wp-content\/uploads\/2025\/03\/img31-1024x518.jpg 1024w, https:\/\/www.nutritionetsante.com\/wp-content\/uploads\/2025\/03\/img31-300x152.jpg 300w, https:\/\/www.nutritionetsante.com\/wp-content\/uploads\/2025\/03\/img31-768x388.jpg 768w, https:\/\/www.nutritionetsante.com\/wp-content\/uploads\/2025\/03\/img31.jpg 1036w\" sizes=\"(max-width: 1024px) 100vw, 1024px\" \/><\/figure>\n\n\n\n<figure class=\"wp-block-image size-large\"><img loading=\"lazy\" decoding=\"async\" width=\"1024\" height=\"768\" data-id=\"11326\" src=\"https:\/\/www.nutritionetsante.com\/wp-content\/uploads\/2025\/03\/img37-1024x768.jpg\" alt=\"\" class=\"wp-image-11326\" srcset=\"https:\/\/www.nutritionetsante.com\/wp-content\/uploads\/2025\/03\/img37-1024x768.jpg 1024w, https:\/\/www.nutritionetsante.com\/wp-content\/uploads\/2025\/03\/img37-300x225.jpg 300w, https:\/\/www.nutritionetsante.com\/wp-content\/uploads\/2025\/03\/img37-768x576.jpg 768w, https:\/\/www.nutritionetsante.com\/wp-content\/uploads\/2025\/03\/img37-1536x1152.jpg 1536w, https:\/\/www.nutritionetsante.com\/wp-content\/uploads\/2025\/03\/img37.jpg 1920w\" sizes=\"(max-width: 1024px) 100vw, 1024px\" \/><\/figure>\n\n\n\n<figure class=\"wp-block-image size-large\"><img loading=\"lazy\" decoding=\"async\" width=\"1024\" height=\"576\" data-id=\"11331\" src=\"https:\/\/www.nutritionetsante.com\/wp-content\/uploads\/2025\/03\/img40-1024x576.jpg\" alt=\"\" class=\"wp-image-11331\" srcset=\"https:\/\/www.nutritionetsante.com\/wp-content\/uploads\/2025\/03\/img40-1024x576.jpg 1024w, https:\/\/www.nutritionetsante.com\/wp-content\/uploads\/2025\/03\/img40-300x169.jpg 300w, https:\/\/www.nutritionetsante.com\/wp-content\/uploads\/2025\/03\/img40-768x432.jpg 768w, https:\/\/www.nutritionetsante.com\/wp-content\/uploads\/2025\/03\/img40-1536x864.jpg 1536w, https:\/\/www.nutritionetsante.com\/wp-content\/uploads\/2025\/03\/img40-2048x1152.jpg 2048w\" sizes=\"(max-width: 1024px) 100vw, 1024px\" \/><\/figure>\n<\/figure>\n\n<p><\/p>\n","protected":false},"excerpt":{"rendered":"<p>Un a\u00f1o m\u00e1s, estamos encantados y orgullosos de participar en la Semana Europea para el Empleo de las Personas con Discapacidad, que se celebr\u00f3 del 18 al 24 de noviembre. El 18 de noviembre, en el marco de nuestra colaboraci\u00f3n con Isostar, tuvimos el placer de recibir en nuestras instalaciones de Revel a cuatro atletas [&hellip;]<\/p>\n","protected":false},"author":1,"featured_media":11341,"comment_status":"closed","ping_status":"closed","sticky":false,"template":"","format":"standard","meta":{"_acf_changed":false,"inline_featured_image":false,"footnotes":""},"categories":[19],"tags":[],"class_list":["post-12560","post","type-post","status-publish","format-standard","has-post-thumbnail","hentry","category-sin-categorizar"],"acf":[],"yoast_head":"<!-- This site is optimized with the Yoast SEO plugin v27.2 - https:\/\/yoast.com\/product\/yoast-seo-wordpress\/ -->\n<title>Orgullosos de participar en la Semana Europea para el Empleo de las Personas con Discapacidad &#x2728; - Nutrition &amp; Sant\u00e9<\/title>\n<meta name=\"robots\" content=\"index, follow, max-snippet:-1, max-image-preview:large, max-video-preview:-1\" \/>\n<link rel=\"canonical\" href=\"https:\/\/www.nutritionetsante.com\/es\/orgullosos-de-participar-en-la-semana-europea-para-el-empleo-de-las-personas-con-discapacidad-%e2%9c%a8\/\" \/>\n<meta property=\"og:locale\" content=\"es_ES\" \/>\n<meta property=\"og:type\" content=\"article\" \/>\n<meta property=\"og:title\" content=\"Orgullosos de participar en la Semana Europea para el Empleo de las Personas con Discapacidad &#x2728; - Nutrition &amp; Sant\u00e9\" \/>\n<meta property=\"og:description\" content=\"Un a\u00f1o m\u00e1s, estamos encantados y orgullosos de participar en la Semana Europea para el Empleo de las Personas con Discapacidad, que se celebr\u00f3 del 18 al 24 de noviembre. El 18 de noviembre, en el marco de nuestra colaboraci\u00f3n con Isostar, tuvimos el placer de recibir en nuestras instalaciones de Revel a cuatro atletas [&hellip;]\" \/>\n<meta property=\"og:url\" content=\"https:\/\/www.nutritionetsante.com\/es\/orgullosos-de-participar-en-la-semana-europea-para-el-empleo-de-las-personas-con-discapacidad-%e2%9c%a8\/\" \/>\n<meta property=\"og:site_name\" content=\"Nutrition &amp; Sant\u00e9\" \/>\n<meta property=\"article:published_time\" content=\"2024-12-19T14:31:04+00:00\" \/>\n<meta property=\"article:modified_time\" content=\"2026-04-28T13:31:59+00:00\" \/>\n<meta property=\"og:image\" content=\"https:\/\/www.nutritionetsante.com\/wp-content\/uploads\/2025\/03\/img28-1.jpg\" \/>\n\t<meta property=\"og:image:width\" content=\"800\" \/>\n\t<meta property=\"og:image:height\" content=\"600\" \/>\n\t<meta property=\"og:image:type\" content=\"image\/jpeg\" \/>\n<meta name=\"author\" content=\"cneveu\" \/>\n<meta name=\"twitter:card\" content=\"summary_large_image\" \/>\n<meta name=\"twitter:label1\" content=\"Escrito por\" \/>\n\t<meta name=\"twitter:data1\" content=\"cneveu\" \/>\n\t<meta name=\"twitter:label2\" content=\"Tiempo de lectura\" \/>\n\t<meta name=\"twitter:data2\" content=\"2 minutos\" \/>\n<script type=\"application\/ld+json\" class=\"yoast-schema-graph\">{\"@context\":\"https:\/\/schema.org\",\"@graph\":[{\"@type\":\"Article\",\"@id\":\"https:\/\/www.nutritionetsante.com\/es\/orgullosos-de-participar-en-la-semana-europea-para-el-empleo-de-las-personas-con-discapacidad-%e2%9c%a8\/#article\",\"isPartOf\":{\"@id\":\"https:\/\/www.nutritionetsante.com\/es\/orgullosos-de-participar-en-la-semana-europea-para-el-empleo-de-las-personas-con-discapacidad-%e2%9c%a8\/\"},\"author\":{\"name\":\"cneveu\",\"@id\":\"https:\/\/www.nutritionetsante.com\/es\/#\/schema\/person\/b588bf430822f5379e4097f766d5cdff\"},\"headline\":\"Orgullosos de participar en la Semana Europea para el Empleo de las Personas con Discapacidad &#x2728;\",\"datePublished\":\"2024-12-19T14:31:04+00:00\",\"dateModified\":\"2026-04-28T13:31:59+00:00\",\"mainEntityOfPage\":{\"@id\":\"https:\/\/www.nutritionetsante.com\/es\/orgullosos-de-participar-en-la-semana-europea-para-el-empleo-de-las-personas-con-discapacidad-%e2%9c%a8\/\"},\"wordCount\":340,\"publisher\":{\"@id\":\"https:\/\/www.nutritionetsante.com\/es\/#organization\"},\"image\":{\"@id\":\"https:\/\/www.nutritionetsante.com\/es\/orgullosos-de-participar-en-la-semana-europea-para-el-empleo-de-las-personas-con-discapacidad-%e2%9c%a8\/#primaryimage\"},\"thumbnailUrl\":\"https:\/\/www.nutritionetsante.com\/wp-content\/uploads\/2025\/03\/img28-1.jpg\",\"articleSection\":[\"Sin categorizar\"],\"inLanguage\":\"es\"},{\"@type\":\"WebPage\",\"@id\":\"https:\/\/www.nutritionetsante.com\/es\/orgullosos-de-participar-en-la-semana-europea-para-el-empleo-de-las-personas-con-discapacidad-%e2%9c%a8\/\",\"url\":\"https:\/\/www.nutritionetsante.com\/es\/orgullosos-de-participar-en-la-semana-europea-para-el-empleo-de-las-personas-con-discapacidad-%e2%9c%a8\/\",\"name\":\"Orgullosos de participar en la Semana Europea para el Empleo de las Personas con Discapacidad &#x2728; - Nutrition &amp; Sant\u00e9\",\"isPartOf\":{\"@id\":\"https:\/\/www.nutritionetsante.com\/es\/#website\"},\"primaryImageOfPage\":{\"@id\":\"https:\/\/www.nutritionetsante.com\/es\/orgullosos-de-participar-en-la-semana-europea-para-el-empleo-de-las-personas-con-discapacidad-%e2%9c%a8\/#primaryimage\"},\"image\":{\"@id\":\"https:\/\/www.nutritionetsante.com\/es\/orgullosos-de-participar-en-la-semana-europea-para-el-empleo-de-las-personas-con-discapacidad-%e2%9c%a8\/#primaryimage\"},\"thumbnailUrl\":\"https:\/\/www.nutritionetsante.com\/wp-content\/uploads\/2025\/03\/img28-1.jpg\",\"datePublished\":\"2024-12-19T14:31:04+00:00\",\"dateModified\":\"2026-04-28T13:31:59+00:00\",\"breadcrumb\":{\"@id\":\"https:\/\/www.nutritionetsante.com\/es\/orgullosos-de-participar-en-la-semana-europea-para-el-empleo-de-las-personas-con-discapacidad-%e2%9c%a8\/#breadcrumb\"},\"inLanguage\":\"es\",\"potentialAction\":[{\"@type\":\"ReadAction\",\"target\":[\"https:\/\/www.nutritionetsante.com\/es\/orgullosos-de-participar-en-la-semana-europea-para-el-empleo-de-las-personas-con-discapacidad-%e2%9c%a8\/\"]}]},{\"@type\":\"ImageObject\",\"inLanguage\":\"es\",\"@id\":\"https:\/\/www.nutritionetsante.com\/es\/orgullosos-de-participar-en-la-semana-europea-para-el-empleo-de-las-personas-con-discapacidad-%e2%9c%a8\/#primaryimage\",\"url\":\"https:\/\/www.nutritionetsante.com\/wp-content\/uploads\/2025\/03\/img28-1.jpg\",\"contentUrl\":\"https:\/\/www.nutritionetsante.com\/wp-content\/uploads\/2025\/03\/img28-1.jpg\",\"width\":800,\"height\":600},{\"@type\":\"BreadcrumbList\",\"@id\":\"https:\/\/www.nutritionetsante.com\/es\/orgullosos-de-participar-en-la-semana-europea-para-el-empleo-de-las-personas-con-discapacidad-%e2%9c%a8\/#breadcrumb\",\"itemListElement\":[{\"@type\":\"ListItem\",\"position\":1,\"name\":\"Accueil\",\"item\":\"https:\/\/www.nutritionetsante.com\/es\/\"},{\"@type\":\"ListItem\",\"position\":2,\"name\":\"Orgullosos de participar en la Semana Europea para el Empleo de las Personas con Discapacidad &#x2728;\"}]},{\"@type\":\"WebSite\",\"@id\":\"https:\/\/www.nutritionetsante.com\/es\/#website\",\"url\":\"https:\/\/www.nutritionetsante.com\/es\/\",\"name\":\"Nutrition & Sant\u00e9\",\"description\":\"Leader de l\u2019alimentation di\u00e9t\u00e9tique et biologique en Europe\",\"publisher\":{\"@id\":\"https:\/\/www.nutritionetsante.com\/es\/#organization\"},\"potentialAction\":[{\"@type\":\"SearchAction\",\"target\":{\"@type\":\"EntryPoint\",\"urlTemplate\":\"https:\/\/www.nutritionetsante.com\/es\/?s={search_term_string}\"},\"query-input\":{\"@type\":\"PropertyValueSpecification\",\"valueRequired\":true,\"valueName\":\"search_term_string\"}}],\"inLanguage\":\"es\"},{\"@type\":\"Organization\",\"@id\":\"https:\/\/www.nutritionetsante.com\/es\/#organization\",\"name\":\"Nutrition & Sant\u00e9\",\"url\":\"https:\/\/www.nutritionetsante.com\/es\/\",\"logo\":{\"@type\":\"ImageObject\",\"inLanguage\":\"es\",\"@id\":\"https:\/\/www.nutritionetsante.com\/es\/#\/schema\/logo\/image\/\",\"url\":\"https:\/\/www.nutritionetsante.com\/wp-content\/uploads\/2022\/04\/logo-ns.svg\",\"contentUrl\":\"https:\/\/www.nutritionetsante.com\/wp-content\/uploads\/2022\/04\/logo-ns.svg\",\"width\":220,\"height\":83,\"caption\":\"Nutrition & Sant\u00e9\"},\"image\":{\"@id\":\"https:\/\/www.nutritionetsante.com\/es\/#\/schema\/logo\/image\/\"},\"sameAs\":[\"https:\/\/www.linkedin.com\/company\/nutrition-&-sante\/\"]},{\"@type\":\"Person\",\"@id\":\"https:\/\/www.nutritionetsante.com\/es\/#\/schema\/person\/b588bf430822f5379e4097f766d5cdff\",\"name\":\"cneveu\",\"image\":{\"@type\":\"ImageObject\",\"inLanguage\":\"es\",\"@id\":\"https:\/\/secure.gravatar.com\/avatar\/5fb2b8c8cbf294a91330cbf7174503a21fe48490abcf63bd609277aa7741dc4c?s=96&d=mm&r=g\",\"url\":\"https:\/\/secure.gravatar.com\/avatar\/5fb2b8c8cbf294a91330cbf7174503a21fe48490abcf63bd609277aa7741dc4c?s=96&d=mm&r=g\",\"contentUrl\":\"https:\/\/secure.gravatar.com\/avatar\/5fb2b8c8cbf294a91330cbf7174503a21fe48490abcf63bd609277aa7741dc4c?s=96&d=mm&r=g\",\"caption\":\"cneveu\"},\"url\":\"https:\/\/www.nutritionetsante.com\/es\/author\/cneveu\/\"}]}<\/script>\n<!-- \/ Yoast SEO plugin. -->","yoast_head_json":{"title":"Orgullosos de participar en la Semana Europea para el Empleo de las Personas con Discapacidad &#x2728; - Nutrition &amp; Sant\u00e9","robots":{"index":"index","follow":"follow","max-snippet":"max-snippet:-1","max-image-preview":"max-image-preview:large","max-video-preview":"max-video-preview:-1"},"canonical":"https:\/\/www.nutritionetsante.com\/es\/orgullosos-de-participar-en-la-semana-europea-para-el-empleo-de-las-personas-con-discapacidad-%e2%9c%a8\/","og_locale":"es_ES","og_type":"article","og_title":"Orgullosos de participar en la Semana Europea para el Empleo de las Personas con Discapacidad &#x2728; - Nutrition &amp; Sant\u00e9","og_description":"Un a\u00f1o m\u00e1s, estamos encantados y orgullosos de participar en la Semana Europea para el Empleo de las Personas con Discapacidad, que se celebr\u00f3 del 18 al 24 de noviembre. El 18 de noviembre, en el marco de nuestra colaboraci\u00f3n con Isostar, tuvimos el placer de recibir en nuestras instalaciones de Revel a cuatro atletas [&hellip;]","og_url":"https:\/\/www.nutritionetsante.com\/es\/orgullosos-de-participar-en-la-semana-europea-para-el-empleo-de-las-personas-con-discapacidad-%e2%9c%a8\/","og_site_name":"Nutrition &amp; Sant\u00e9","article_published_time":"2024-12-19T14:31:04+00:00","article_modified_time":"2026-04-28T13:31:59+00:00","og_image":[{"width":800,"height":600,"url":"https:\/\/www.nutritionetsante.com\/wp-content\/uploads\/2025\/03\/img28-1.jpg","type":"image\/jpeg"}],"author":"cneveu","twitter_card":"summary_large_image","twitter_misc":{"Escrito por":"cneveu","Tiempo de lectura":"2 minutos"},"schema":{"@context":"https:\/\/schema.org","@graph":[{"@type":"Article","@id":"https:\/\/www.nutritionetsante.com\/es\/orgullosos-de-participar-en-la-semana-europea-para-el-empleo-de-las-personas-con-discapacidad-%e2%9c%a8\/#article","isPartOf":{"@id":"https:\/\/www.nutritionetsante.com\/es\/orgullosos-de-participar-en-la-semana-europea-para-el-empleo-de-las-personas-con-discapacidad-%e2%9c%a8\/"},"author":{"name":"cneveu","@id":"https:\/\/www.nutritionetsante.com\/es\/#\/schema\/person\/b588bf430822f5379e4097f766d5cdff"},"headline":"Orgullosos de participar en la Semana Europea para el Empleo de las Personas con Discapacidad &#x2728;","datePublished":"2024-12-19T14:31:04+00:00","dateModified":"2026-04-28T13:31:59+00:00","mainEntityOfPage":{"@id":"https:\/\/www.nutritionetsante.com\/es\/orgullosos-de-participar-en-la-semana-europea-para-el-empleo-de-las-personas-con-discapacidad-%e2%9c%a8\/"},"wordCount":340,"publisher":{"@id":"https:\/\/www.nutritionetsante.com\/es\/#organization"},"image":{"@id":"https:\/\/www.nutritionetsante.com\/es\/orgullosos-de-participar-en-la-semana-europea-para-el-empleo-de-las-personas-con-discapacidad-%e2%9c%a8\/#primaryimage"},"thumbnailUrl":"https:\/\/www.nutritionetsante.com\/wp-content\/uploads\/2025\/03\/img28-1.jpg","articleSection":["Sin categorizar"],"inLanguage":"es"},{"@type":"WebPage","@id":"https:\/\/www.nutritionetsante.com\/es\/orgullosos-de-participar-en-la-semana-europea-para-el-empleo-de-las-personas-con-discapacidad-%e2%9c%a8\/","url":"https:\/\/www.nutritionetsante.com\/es\/orgullosos-de-participar-en-la-semana-europea-para-el-empleo-de-las-personas-con-discapacidad-%e2%9c%a8\/","name":"Orgullosos de participar en la Semana Europea para el Empleo de las Personas con Discapacidad &#x2728; - Nutrition &amp; Sant\u00e9","isPartOf":{"@id":"https:\/\/www.nutritionetsante.com\/es\/#website"},"primaryImageOfPage":{"@id":"https:\/\/www.nutritionetsante.com\/es\/orgullosos-de-participar-en-la-semana-europea-para-el-empleo-de-las-personas-con-discapacidad-%e2%9c%a8\/#primaryimage"},"image":{"@id":"https:\/\/www.nutritionetsante.com\/es\/orgullosos-de-participar-en-la-semana-europea-para-el-empleo-de-las-personas-con-discapacidad-%e2%9c%a8\/#primaryimage"},"thumbnailUrl":"https:\/\/www.nutritionetsante.com\/wp-content\/uploads\/2025\/03\/img28-1.jpg","datePublished":"2024-12-19T14:31:04+00:00","dateModified":"2026-04-28T13:31:59+00:00","breadcrumb":{"@id":"https:\/\/www.nutritionetsante.com\/es\/orgullosos-de-participar-en-la-semana-europea-para-el-empleo-de-las-personas-con-discapacidad-%e2%9c%a8\/#breadcrumb"},"inLanguage":"es","potentialAction":[{"@type":"ReadAction","target":["https:\/\/www.nutritionetsante.com\/es\/orgullosos-de-participar-en-la-semana-europea-para-el-empleo-de-las-personas-con-discapacidad-%e2%9c%a8\/"]}]},{"@type":"ImageObject","inLanguage":"es","@id":"https:\/\/www.nutritionetsante.com\/es\/orgullosos-de-participar-en-la-semana-europea-para-el-empleo-de-las-personas-con-discapacidad-%e2%9c%a8\/#primaryimage","url":"https:\/\/www.nutritionetsante.com\/wp-content\/uploads\/2025\/03\/img28-1.jpg","contentUrl":"https:\/\/www.nutritionetsante.com\/wp-content\/uploads\/2025\/03\/img28-1.jpg","width":800,"height":600},{"@type":"BreadcrumbList","@id":"https:\/\/www.nutritionetsante.com\/es\/orgullosos-de-participar-en-la-semana-europea-para-el-empleo-de-las-personas-con-discapacidad-%e2%9c%a8\/#breadcrumb","itemListElement":[{"@type":"ListItem","position":1,"name":"Accueil","item":"https:\/\/www.nutritionetsante.com\/es\/"},{"@type":"ListItem","position":2,"name":"Orgullosos de participar en la Semana Europea para el Empleo de las Personas con Discapacidad &#x2728;"}]},{"@type":"WebSite","@id":"https:\/\/www.nutritionetsante.com\/es\/#website","url":"https:\/\/www.nutritionetsante.com\/es\/","name":"Nutrition & Sant\u00e9","description":"Leader de l\u2019alimentation di\u00e9t\u00e9tique et biologique en Europe","publisher":{"@id":"https:\/\/www.nutritionetsante.com\/es\/#organization"},"potentialAction":[{"@type":"SearchAction","target":{"@type":"EntryPoint","urlTemplate":"https:\/\/www.nutritionetsante.com\/es\/?s={search_term_string}"},"query-input":{"@type":"PropertyValueSpecification","valueRequired":true,"valueName":"search_term_string"}}],"inLanguage":"es"},{"@type":"Organization","@id":"https:\/\/www.nutritionetsante.com\/es\/#organization","name":"Nutrition & Sant\u00e9","url":"https:\/\/www.nutritionetsante.com\/es\/","logo":{"@type":"ImageObject","inLanguage":"es","@id":"https:\/\/www.nutritionetsante.com\/es\/#\/schema\/logo\/image\/","url":"https:\/\/www.nutritionetsante.com\/wp-content\/uploads\/2022\/04\/logo-ns.svg","contentUrl":"https:\/\/www.nutritionetsante.com\/wp-content\/uploads\/2022\/04\/logo-ns.svg","width":220,"height":83,"caption":"Nutrition & Sant\u00e9"},"image":{"@id":"https:\/\/www.nutritionetsante.com\/es\/#\/schema\/logo\/image\/"},"sameAs":["https:\/\/www.linkedin.com\/company\/nutrition-&-sante\/"]},{"@type":"Person","@id":"https:\/\/www.nutritionetsante.com\/es\/#\/schema\/person\/b588bf430822f5379e4097f766d5cdff","name":"cneveu","image":{"@type":"ImageObject","inLanguage":"es","@id":"https:\/\/secure.gravatar.com\/avatar\/5fb2b8c8cbf294a91330cbf7174503a21fe48490abcf63bd609277aa7741dc4c?s=96&d=mm&r=g","url":"https:\/\/secure.gravatar.com\/avatar\/5fb2b8c8cbf294a91330cbf7174503a21fe48490abcf63bd609277aa7741dc4c?s=96&d=mm&r=g","contentUrl":"https:\/\/secure.gravatar.com\/avatar\/5fb2b8c8cbf294a91330cbf7174503a21fe48490abcf63bd609277aa7741dc4c?s=96&d=mm&r=g","caption":"cneveu"},"url":"https:\/\/www.nutritionetsante.com\/es\/author\/cneveu\/"}]}},"_links":{"self":[{"href":"https:\/\/www.nutritionetsante.com\/es\/wp-json\/wp\/v2\/posts\/12560","targetHints":{"allow":["GET"]}}],"collection":[{"href":"https:\/\/www.nutritionetsante.com\/es\/wp-json\/wp\/v2\/posts"}],"about":[{"href":"https:\/\/www.nutritionetsante.com\/es\/wp-json\/wp\/v2\/types\/post"}],"author":[{"embeddable":true,"href":"https:\/\/www.nutritionetsante.com\/es\/wp-json\/wp\/v2\/users\/1"}],"replies":[{"embeddable":true,"href":"https:\/\/www.nutritionetsante.com\/es\/wp-json\/wp\/v2\/comments?post=12560"}],"version-history":[{"count":1,"href":"https:\/\/www.nutritionetsante.com\/es\/wp-json\/wp\/v2\/posts\/12560\/revisions"}],"predecessor-version":[{"id":12561,"href":"https:\/\/www.nutritionetsante.com\/es\/wp-json\/wp\/v2\/posts\/12560\/revisions\/12561"}],"wp:featuredmedia":[{"embeddable":true,"href":"https:\/\/www.nutritionetsante.com\/es\/wp-json\/wp\/v2\/media\/11341"}],"wp:attachment":[{"href":"https:\/\/www.nutritionetsante.com\/es\/wp-json\/wp\/v2\/media?parent=12560"}],"wp:term":[{"taxonomy":"category","embeddable":true,"href":"https:\/\/www.nutritionetsante.com\/es\/wp-json\/wp\/v2\/categories?post=12560"},{"taxonomy":"post_tag","embeddable":true,"href":"https:\/\/www.nutritionetsante.com\/es\/wp-json\/wp\/v2\/tags?post=12560"}],"curies":[{"name":"wp","href":"https:\/\/api.w.org\/{rel}","templated":true}]}}