{"id":12545,"date":"2025-06-04T15:03:11","date_gmt":"2025-06-04T13:03:11","guid":{"rendered":"https:\/\/www.nutritionetsante.com\/en-nutrition-sante-creemos-que-la-transformacion-de-nuestros-sistemas-alimentarios-empieza-por-la-forma-en-que-cultivamos-y-la-forma-en-que-trabajamos-juntos\/"},"modified":"2026-04-28T15:04:00","modified_gmt":"2026-04-28T13:04:00","slug":"en-nutrition-sante-creemos-que-la-transformacion-de-nuestros-sistemas-alimentarios-empieza-por-la-forma-en-que-cultivamos-y-la-forma-en-que-trabajamos-juntos","status":"publish","type":"post","link":"https:\/\/www.nutritionetsante.com\/es\/en-nutrition-sante-creemos-que-la-transformacion-de-nuestros-sistemas-alimentarios-empieza-por-la-forma-en-que-cultivamos-y-la-forma-en-que-trabajamos-juntos\/","title":{"rendered":"En NUTRITION &amp; SANTE creemos que la transformaci\u00f3n de nuestros sistemas alimentarios empieza por la forma en que cultivamos y la forma en que trabajamos juntos."},"content":{"rendered":"\n<p>Llevamos m\u00e1s de 30 a\u00f1os comprometidos con la nutrici\u00f3n y la salud. Hoy, este compromiso adquiere un nuevo significado a trav\u00e9s de nuestra hoja de ruta agroecol\u00f3gica 2022-2030.<\/p>\n\n<p>&#x1f3af; Para finales de 2028:<br\/>&#x2714;&#xfe0f; 100% de nuestro trigo y soja bajo contratos agroecol\u00f3gicos<br\/>&#x2714;&#xfe0f; Para 2030: 12 ingredientes agr\u00edcolas clave afectados<br\/>&#x2714;&#xfe0f; Primeros contratos tripartitos firmados en 2024 &#8211; Nutrition &amp; Sant\u00e9, cooperativas y agricultores &#8211; para los sectores del trigo, la soja y el girasol.<\/p>\n\n<p>&#x2b07;&#xfe0f; Descubra los 10 pilares de la agroecolog\u00eda que inspiran y gu\u00edan nuestras acciones<\/p>\n\n<figure class=\"wp-block-image size-full\"><img fetchpriority=\"high\" decoding=\"async\" width=\"800\" height=\"800\" src=\"https:\/\/www.nutritionetsante.com\/wp-content\/uploads\/2025\/08\/1749027369911.jpg\" alt=\"\" class=\"wp-image-11834\" srcset=\"https:\/\/www.nutritionetsante.com\/wp-content\/uploads\/2025\/08\/1749027369911.jpg 800w, https:\/\/www.nutritionetsante.com\/wp-content\/uploads\/2025\/08\/1749027369911-300x300.jpg 300w, https:\/\/www.nutritionetsante.com\/wp-content\/uploads\/2025\/08\/1749027369911-150x150.jpg 150w, https:\/\/www.nutritionetsante.com\/wp-content\/uploads\/2025\/08\/1749027369911-768x768.jpg 768w\" sizes=\"(max-width: 800px) 100vw, 800px\" \/><\/figure>\n","protected":false},"excerpt":{"rendered":"<p>Llevamos m\u00e1s de 30 a\u00f1os comprometidos con la nutrici\u00f3n y la salud. Hoy, este compromiso adquiere un nuevo significado a trav\u00e9s de nuestra hoja de ruta agroecol\u00f3gica 2022-2030. &#x1f3af; Para finales de 2028:&#x2714;&#xfe0f; 100% de nuestro trigo y soja bajo contratos agroecol\u00f3gicos&#x2714;&#xfe0f; Para 2030: 12 ingredientes agr\u00edcolas clave afectados&#x2714;&#xfe0f; Primeros contratos tripartitos firmados en 2024 [&hellip;]<\/p>\n","protected":false},"author":1,"featured_media":11839,"comment_status":"closed","ping_status":"closed","sticky":false,"template":"","format":"standard","meta":{"_acf_changed":false,"inline_featured_image":false,"footnotes":""},"categories":[19],"tags":[],"class_list":["post-12545","post","type-post","status-publish","format-standard","has-post-thumbnail","hentry","category-sin-categorizar"],"acf":[],"yoast_head":"<!-- This site is optimized with the Yoast SEO plugin v27.2 - https:\/\/yoast.com\/product\/yoast-seo-wordpress\/ -->\n<title>En NUTRITION &amp; SANTE creemos que la transformaci\u00f3n de nuestros sistemas alimentarios empieza por la forma en que cultivamos y la forma en que trabajamos juntos. - Nutrition &amp; Sant\u00e9<\/title>\n<meta name=\"robots\" content=\"index, follow, max-snippet:-1, max-image-preview:large, max-video-preview:-1\" \/>\n<link rel=\"canonical\" href=\"https:\/\/www.nutritionetsante.com\/es\/en-nutrition-sante-creemos-que-la-transformacion-de-nuestros-sistemas-alimentarios-empieza-por-la-forma-en-que-cultivamos-y-la-forma-en-que-trabajamos-juntos\/\" \/>\n<meta property=\"og:locale\" content=\"es_ES\" \/>\n<meta property=\"og:type\" content=\"article\" \/>\n<meta property=\"og:title\" content=\"En NUTRITION &amp; SANTE creemos que la transformaci\u00f3n de nuestros sistemas alimentarios empieza por la forma en que cultivamos y la forma en que trabajamos juntos. - Nutrition &amp; Sant\u00e9\" \/>\n<meta property=\"og:description\" content=\"Llevamos m\u00e1s de 30 a\u00f1os comprometidos con la nutrici\u00f3n y la salud. Hoy, este compromiso adquiere un nuevo significado a trav\u00e9s de nuestra hoja de ruta agroecol\u00f3gica 2022-2030. &#x1f3af; Para finales de 2028:&#x2714;&#xfe0f; 100% de nuestro trigo y soja bajo contratos agroecol\u00f3gicos&#x2714;&#xfe0f; Para 2030: 12 ingredientes agr\u00edcolas clave afectados&#x2714;&#xfe0f; Primeros contratos tripartitos firmados en 2024 [&hellip;]\" \/>\n<meta property=\"og:url\" content=\"https:\/\/www.nutritionetsante.com\/es\/en-nutrition-sante-creemos-que-la-transformacion-de-nuestros-sistemas-alimentarios-empieza-por-la-forma-en-que-cultivamos-y-la-forma-en-que-trabajamos-juntos\/\" \/>\n<meta property=\"og:site_name\" content=\"Nutrition &amp; Sant\u00e9\" \/>\n<meta property=\"article:published_time\" content=\"2025-06-04T13:03:11+00:00\" \/>\n<meta property=\"article:modified_time\" content=\"2026-04-28T13:04:00+00:00\" \/>\n<meta property=\"og:image\" content=\"https:\/\/www.nutritionetsante.com\/wp-content\/uploads\/2025\/08\/1749027369911-1.jpg\" \/>\n\t<meta property=\"og:image:width\" content=\"800\" \/>\n\t<meta property=\"og:image:height\" content=\"800\" \/>\n\t<meta property=\"og:image:type\" content=\"image\/jpeg\" \/>\n<meta name=\"author\" content=\"cneveu\" \/>\n<meta name=\"twitter:card\" content=\"summary_large_image\" \/>\n<meta name=\"twitter:label1\" content=\"Escrito por\" \/>\n\t<meta name=\"twitter:data1\" content=\"cneveu\" \/>\n\t<meta name=\"twitter:label2\" content=\"Tiempo de lectura\" \/>\n\t<meta name=\"twitter:data2\" content=\"1 minuto\" \/>\n<script type=\"application\/ld+json\" class=\"yoast-schema-graph\">{\"@context\":\"https:\/\/schema.org\",\"@graph\":[{\"@type\":\"Article\",\"@id\":\"https:\/\/www.nutritionetsante.com\/es\/en-nutrition-sante-creemos-que-la-transformacion-de-nuestros-sistemas-alimentarios-empieza-por-la-forma-en-que-cultivamos-y-la-forma-en-que-trabajamos-juntos\/#article\",\"isPartOf\":{\"@id\":\"https:\/\/www.nutritionetsante.com\/es\/en-nutrition-sante-creemos-que-la-transformacion-de-nuestros-sistemas-alimentarios-empieza-por-la-forma-en-que-cultivamos-y-la-forma-en-que-trabajamos-juntos\/\"},\"author\":{\"name\":\"cneveu\",\"@id\":\"https:\/\/www.nutritionetsante.com\/es\/#\/schema\/person\/b588bf430822f5379e4097f766d5cdff\"},\"headline\":\"En NUTRITION &amp; SANTE creemos que la transformaci\u00f3n de nuestros sistemas alimentarios empieza por la forma en que cultivamos y la forma en que trabajamos juntos.\",\"datePublished\":\"2025-06-04T13:03:11+00:00\",\"dateModified\":\"2026-04-28T13:04:00+00:00\",\"mainEntityOfPage\":{\"@id\":\"https:\/\/www.nutritionetsante.com\/es\/en-nutrition-sante-creemos-que-la-transformacion-de-nuestros-sistemas-alimentarios-empieza-por-la-forma-en-que-cultivamos-y-la-forma-en-que-trabajamos-juntos\/\"},\"wordCount\":130,\"publisher\":{\"@id\":\"https:\/\/www.nutritionetsante.com\/es\/#organization\"},\"image\":{\"@id\":\"https:\/\/www.nutritionetsante.com\/es\/en-nutrition-sante-creemos-que-la-transformacion-de-nuestros-sistemas-alimentarios-empieza-por-la-forma-en-que-cultivamos-y-la-forma-en-que-trabajamos-juntos\/#primaryimage\"},\"thumbnailUrl\":\"https:\/\/www.nutritionetsante.com\/wp-content\/uploads\/2025\/08\/1749027369911-1.jpg\",\"articleSection\":[\"Sin categorizar\"],\"inLanguage\":\"es\"},{\"@type\":\"WebPage\",\"@id\":\"https:\/\/www.nutritionetsante.com\/es\/en-nutrition-sante-creemos-que-la-transformacion-de-nuestros-sistemas-alimentarios-empieza-por-la-forma-en-que-cultivamos-y-la-forma-en-que-trabajamos-juntos\/\",\"url\":\"https:\/\/www.nutritionetsante.com\/es\/en-nutrition-sante-creemos-que-la-transformacion-de-nuestros-sistemas-alimentarios-empieza-por-la-forma-en-que-cultivamos-y-la-forma-en-que-trabajamos-juntos\/\",\"name\":\"En NUTRITION &amp; SANTE creemos que la transformaci\u00f3n de nuestros sistemas alimentarios empieza por la forma en que cultivamos y la forma en que trabajamos juntos. - Nutrition &amp; Sant\u00e9\",\"isPartOf\":{\"@id\":\"https:\/\/www.nutritionetsante.com\/es\/#website\"},\"primaryImageOfPage\":{\"@id\":\"https:\/\/www.nutritionetsante.com\/es\/en-nutrition-sante-creemos-que-la-transformacion-de-nuestros-sistemas-alimentarios-empieza-por-la-forma-en-que-cultivamos-y-la-forma-en-que-trabajamos-juntos\/#primaryimage\"},\"image\":{\"@id\":\"https:\/\/www.nutritionetsante.com\/es\/en-nutrition-sante-creemos-que-la-transformacion-de-nuestros-sistemas-alimentarios-empieza-por-la-forma-en-que-cultivamos-y-la-forma-en-que-trabajamos-juntos\/#primaryimage\"},\"thumbnailUrl\":\"https:\/\/www.nutritionetsante.com\/wp-content\/uploads\/2025\/08\/1749027369911-1.jpg\",\"datePublished\":\"2025-06-04T13:03:11+00:00\",\"dateModified\":\"2026-04-28T13:04:00+00:00\",\"breadcrumb\":{\"@id\":\"https:\/\/www.nutritionetsante.com\/es\/en-nutrition-sante-creemos-que-la-transformacion-de-nuestros-sistemas-alimentarios-empieza-por-la-forma-en-que-cultivamos-y-la-forma-en-que-trabajamos-juntos\/#breadcrumb\"},\"inLanguage\":\"es\",\"potentialAction\":[{\"@type\":\"ReadAction\",\"target\":[\"https:\/\/www.nutritionetsante.com\/es\/en-nutrition-sante-creemos-que-la-transformacion-de-nuestros-sistemas-alimentarios-empieza-por-la-forma-en-que-cultivamos-y-la-forma-en-que-trabajamos-juntos\/\"]}]},{\"@type\":\"ImageObject\",\"inLanguage\":\"es\",\"@id\":\"https:\/\/www.nutritionetsante.com\/es\/en-nutrition-sante-creemos-que-la-transformacion-de-nuestros-sistemas-alimentarios-empieza-por-la-forma-en-que-cultivamos-y-la-forma-en-que-trabajamos-juntos\/#primaryimage\",\"url\":\"https:\/\/www.nutritionetsante.com\/wp-content\/uploads\/2025\/08\/1749027369911-1.jpg\",\"contentUrl\":\"https:\/\/www.nutritionetsante.com\/wp-content\/uploads\/2025\/08\/1749027369911-1.jpg\",\"width\":800,\"height\":800},{\"@type\":\"BreadcrumbList\",\"@id\":\"https:\/\/www.nutritionetsante.com\/es\/en-nutrition-sante-creemos-que-la-transformacion-de-nuestros-sistemas-alimentarios-empieza-por-la-forma-en-que-cultivamos-y-la-forma-en-que-trabajamos-juntos\/#breadcrumb\",\"itemListElement\":[{\"@type\":\"ListItem\",\"position\":1,\"name\":\"Accueil\",\"item\":\"https:\/\/www.nutritionetsante.com\/es\/\"},{\"@type\":\"ListItem\",\"position\":2,\"name\":\"En NUTRITION &amp; SANTE creemos que la transformaci\u00f3n de nuestros sistemas alimentarios empieza por la forma en que cultivamos y la forma en que trabajamos juntos.\"}]},{\"@type\":\"WebSite\",\"@id\":\"https:\/\/www.nutritionetsante.com\/es\/#website\",\"url\":\"https:\/\/www.nutritionetsante.com\/es\/\",\"name\":\"Nutrition & Sant\u00e9\",\"description\":\"Leader de l\u2019alimentation di\u00e9t\u00e9tique et biologique en Europe\",\"publisher\":{\"@id\":\"https:\/\/www.nutritionetsante.com\/es\/#organization\"},\"potentialAction\":[{\"@type\":\"SearchAction\",\"target\":{\"@type\":\"EntryPoint\",\"urlTemplate\":\"https:\/\/www.nutritionetsante.com\/es\/?s={search_term_string}\"},\"query-input\":{\"@type\":\"PropertyValueSpecification\",\"valueRequired\":true,\"valueName\":\"search_term_string\"}}],\"inLanguage\":\"es\"},{\"@type\":\"Organization\",\"@id\":\"https:\/\/www.nutritionetsante.com\/es\/#organization\",\"name\":\"Nutrition & Sant\u00e9\",\"url\":\"https:\/\/www.nutritionetsante.com\/es\/\",\"logo\":{\"@type\":\"ImageObject\",\"inLanguage\":\"es\",\"@id\":\"https:\/\/www.nutritionetsante.com\/es\/#\/schema\/logo\/image\/\",\"url\":\"https:\/\/www.nutritionetsante.com\/wp-content\/uploads\/2022\/04\/logo-ns.svg\",\"contentUrl\":\"https:\/\/www.nutritionetsante.com\/wp-content\/uploads\/2022\/04\/logo-ns.svg\",\"width\":220,\"height\":83,\"caption\":\"Nutrition & Sant\u00e9\"},\"image\":{\"@id\":\"https:\/\/www.nutritionetsante.com\/es\/#\/schema\/logo\/image\/\"},\"sameAs\":[\"https:\/\/www.linkedin.com\/company\/nutrition-&-sante\/\"]},{\"@type\":\"Person\",\"@id\":\"https:\/\/www.nutritionetsante.com\/es\/#\/schema\/person\/b588bf430822f5379e4097f766d5cdff\",\"name\":\"cneveu\",\"image\":{\"@type\":\"ImageObject\",\"inLanguage\":\"es\",\"@id\":\"https:\/\/secure.gravatar.com\/avatar\/5fb2b8c8cbf294a91330cbf7174503a21fe48490abcf63bd609277aa7741dc4c?s=96&d=mm&r=g\",\"url\":\"https:\/\/secure.gravatar.com\/avatar\/5fb2b8c8cbf294a91330cbf7174503a21fe48490abcf63bd609277aa7741dc4c?s=96&d=mm&r=g\",\"contentUrl\":\"https:\/\/secure.gravatar.com\/avatar\/5fb2b8c8cbf294a91330cbf7174503a21fe48490abcf63bd609277aa7741dc4c?s=96&d=mm&r=g\",\"caption\":\"cneveu\"},\"url\":\"https:\/\/www.nutritionetsante.com\/es\/author\/cneveu\/\"}]}<\/script>\n<!-- \/ Yoast SEO plugin. -->","yoast_head_json":{"title":"En NUTRITION &amp; SANTE creemos que la transformaci\u00f3n de nuestros sistemas alimentarios empieza por la forma en que cultivamos y la forma en que trabajamos juntos. - Nutrition &amp; Sant\u00e9","robots":{"index":"index","follow":"follow","max-snippet":"max-snippet:-1","max-image-preview":"max-image-preview:large","max-video-preview":"max-video-preview:-1"},"canonical":"https:\/\/www.nutritionetsante.com\/es\/en-nutrition-sante-creemos-que-la-transformacion-de-nuestros-sistemas-alimentarios-empieza-por-la-forma-en-que-cultivamos-y-la-forma-en-que-trabajamos-juntos\/","og_locale":"es_ES","og_type":"article","og_title":"En NUTRITION &amp; SANTE creemos que la transformaci\u00f3n de nuestros sistemas alimentarios empieza por la forma en que cultivamos y la forma en que trabajamos juntos. - Nutrition &amp; Sant\u00e9","og_description":"Llevamos m\u00e1s de 30 a\u00f1os comprometidos con la nutrici\u00f3n y la salud. Hoy, este compromiso adquiere un nuevo significado a trav\u00e9s de nuestra hoja de ruta agroecol\u00f3gica 2022-2030. &#x1f3af; Para finales de 2028:&#x2714;&#xfe0f; 100% de nuestro trigo y soja bajo contratos agroecol\u00f3gicos&#x2714;&#xfe0f; Para 2030: 12 ingredientes agr\u00edcolas clave afectados&#x2714;&#xfe0f; Primeros contratos tripartitos firmados en 2024 [&hellip;]","og_url":"https:\/\/www.nutritionetsante.com\/es\/en-nutrition-sante-creemos-que-la-transformacion-de-nuestros-sistemas-alimentarios-empieza-por-la-forma-en-que-cultivamos-y-la-forma-en-que-trabajamos-juntos\/","og_site_name":"Nutrition &amp; Sant\u00e9","article_published_time":"2025-06-04T13:03:11+00:00","article_modified_time":"2026-04-28T13:04:00+00:00","og_image":[{"width":800,"height":800,"url":"https:\/\/www.nutritionetsante.com\/wp-content\/uploads\/2025\/08\/1749027369911-1.jpg","type":"image\/jpeg"}],"author":"cneveu","twitter_card":"summary_large_image","twitter_misc":{"Escrito por":"cneveu","Tiempo de lectura":"1 minuto"},"schema":{"@context":"https:\/\/schema.org","@graph":[{"@type":"Article","@id":"https:\/\/www.nutritionetsante.com\/es\/en-nutrition-sante-creemos-que-la-transformacion-de-nuestros-sistemas-alimentarios-empieza-por-la-forma-en-que-cultivamos-y-la-forma-en-que-trabajamos-juntos\/#article","isPartOf":{"@id":"https:\/\/www.nutritionetsante.com\/es\/en-nutrition-sante-creemos-que-la-transformacion-de-nuestros-sistemas-alimentarios-empieza-por-la-forma-en-que-cultivamos-y-la-forma-en-que-trabajamos-juntos\/"},"author":{"name":"cneveu","@id":"https:\/\/www.nutritionetsante.com\/es\/#\/schema\/person\/b588bf430822f5379e4097f766d5cdff"},"headline":"En NUTRITION &amp; SANTE creemos que la transformaci\u00f3n de nuestros sistemas alimentarios empieza por la forma en que cultivamos y la forma en que trabajamos juntos.","datePublished":"2025-06-04T13:03:11+00:00","dateModified":"2026-04-28T13:04:00+00:00","mainEntityOfPage":{"@id":"https:\/\/www.nutritionetsante.com\/es\/en-nutrition-sante-creemos-que-la-transformacion-de-nuestros-sistemas-alimentarios-empieza-por-la-forma-en-que-cultivamos-y-la-forma-en-que-trabajamos-juntos\/"},"wordCount":130,"publisher":{"@id":"https:\/\/www.nutritionetsante.com\/es\/#organization"},"image":{"@id":"https:\/\/www.nutritionetsante.com\/es\/en-nutrition-sante-creemos-que-la-transformacion-de-nuestros-sistemas-alimentarios-empieza-por-la-forma-en-que-cultivamos-y-la-forma-en-que-trabajamos-juntos\/#primaryimage"},"thumbnailUrl":"https:\/\/www.nutritionetsante.com\/wp-content\/uploads\/2025\/08\/1749027369911-1.jpg","articleSection":["Sin categorizar"],"inLanguage":"es"},{"@type":"WebPage","@id":"https:\/\/www.nutritionetsante.com\/es\/en-nutrition-sante-creemos-que-la-transformacion-de-nuestros-sistemas-alimentarios-empieza-por-la-forma-en-que-cultivamos-y-la-forma-en-que-trabajamos-juntos\/","url":"https:\/\/www.nutritionetsante.com\/es\/en-nutrition-sante-creemos-que-la-transformacion-de-nuestros-sistemas-alimentarios-empieza-por-la-forma-en-que-cultivamos-y-la-forma-en-que-trabajamos-juntos\/","name":"En NUTRITION &amp; SANTE creemos que la transformaci\u00f3n de nuestros sistemas alimentarios empieza por la forma en que cultivamos y la forma en que trabajamos juntos. - Nutrition &amp; Sant\u00e9","isPartOf":{"@id":"https:\/\/www.nutritionetsante.com\/es\/#website"},"primaryImageOfPage":{"@id":"https:\/\/www.nutritionetsante.com\/es\/en-nutrition-sante-creemos-que-la-transformacion-de-nuestros-sistemas-alimentarios-empieza-por-la-forma-en-que-cultivamos-y-la-forma-en-que-trabajamos-juntos\/#primaryimage"},"image":{"@id":"https:\/\/www.nutritionetsante.com\/es\/en-nutrition-sante-creemos-que-la-transformacion-de-nuestros-sistemas-alimentarios-empieza-por-la-forma-en-que-cultivamos-y-la-forma-en-que-trabajamos-juntos\/#primaryimage"},"thumbnailUrl":"https:\/\/www.nutritionetsante.com\/wp-content\/uploads\/2025\/08\/1749027369911-1.jpg","datePublished":"2025-06-04T13:03:11+00:00","dateModified":"2026-04-28T13:04:00+00:00","breadcrumb":{"@id":"https:\/\/www.nutritionetsante.com\/es\/en-nutrition-sante-creemos-que-la-transformacion-de-nuestros-sistemas-alimentarios-empieza-por-la-forma-en-que-cultivamos-y-la-forma-en-que-trabajamos-juntos\/#breadcrumb"},"inLanguage":"es","potentialAction":[{"@type":"ReadAction","target":["https:\/\/www.nutritionetsante.com\/es\/en-nutrition-sante-creemos-que-la-transformacion-de-nuestros-sistemas-alimentarios-empieza-por-la-forma-en-que-cultivamos-y-la-forma-en-que-trabajamos-juntos\/"]}]},{"@type":"ImageObject","inLanguage":"es","@id":"https:\/\/www.nutritionetsante.com\/es\/en-nutrition-sante-creemos-que-la-transformacion-de-nuestros-sistemas-alimentarios-empieza-por-la-forma-en-que-cultivamos-y-la-forma-en-que-trabajamos-juntos\/#primaryimage","url":"https:\/\/www.nutritionetsante.com\/wp-content\/uploads\/2025\/08\/1749027369911-1.jpg","contentUrl":"https:\/\/www.nutritionetsante.com\/wp-content\/uploads\/2025\/08\/1749027369911-1.jpg","width":800,"height":800},{"@type":"BreadcrumbList","@id":"https:\/\/www.nutritionetsante.com\/es\/en-nutrition-sante-creemos-que-la-transformacion-de-nuestros-sistemas-alimentarios-empieza-por-la-forma-en-que-cultivamos-y-la-forma-en-que-trabajamos-juntos\/#breadcrumb","itemListElement":[{"@type":"ListItem","position":1,"name":"Accueil","item":"https:\/\/www.nutritionetsante.com\/es\/"},{"@type":"ListItem","position":2,"name":"En NUTRITION &amp; SANTE creemos que la transformaci\u00f3n de nuestros sistemas alimentarios empieza por la forma en que cultivamos y la forma en que trabajamos juntos."}]},{"@type":"WebSite","@id":"https:\/\/www.nutritionetsante.com\/es\/#website","url":"https:\/\/www.nutritionetsante.com\/es\/","name":"Nutrition & Sant\u00e9","description":"Leader de l\u2019alimentation di\u00e9t\u00e9tique et biologique en Europe","publisher":{"@id":"https:\/\/www.nutritionetsante.com\/es\/#organization"},"potentialAction":[{"@type":"SearchAction","target":{"@type":"EntryPoint","urlTemplate":"https:\/\/www.nutritionetsante.com\/es\/?s={search_term_string}"},"query-input":{"@type":"PropertyValueSpecification","valueRequired":true,"valueName":"search_term_string"}}],"inLanguage":"es"},{"@type":"Organization","@id":"https:\/\/www.nutritionetsante.com\/es\/#organization","name":"Nutrition & Sant\u00e9","url":"https:\/\/www.nutritionetsante.com\/es\/","logo":{"@type":"ImageObject","inLanguage":"es","@id":"https:\/\/www.nutritionetsante.com\/es\/#\/schema\/logo\/image\/","url":"https:\/\/www.nutritionetsante.com\/wp-content\/uploads\/2022\/04\/logo-ns.svg","contentUrl":"https:\/\/www.nutritionetsante.com\/wp-content\/uploads\/2022\/04\/logo-ns.svg","width":220,"height":83,"caption":"Nutrition & Sant\u00e9"},"image":{"@id":"https:\/\/www.nutritionetsante.com\/es\/#\/schema\/logo\/image\/"},"sameAs":["https:\/\/www.linkedin.com\/company\/nutrition-&-sante\/"]},{"@type":"Person","@id":"https:\/\/www.nutritionetsante.com\/es\/#\/schema\/person\/b588bf430822f5379e4097f766d5cdff","name":"cneveu","image":{"@type":"ImageObject","inLanguage":"es","@id":"https:\/\/secure.gravatar.com\/avatar\/5fb2b8c8cbf294a91330cbf7174503a21fe48490abcf63bd609277aa7741dc4c?s=96&d=mm&r=g","url":"https:\/\/secure.gravatar.com\/avatar\/5fb2b8c8cbf294a91330cbf7174503a21fe48490abcf63bd609277aa7741dc4c?s=96&d=mm&r=g","contentUrl":"https:\/\/secure.gravatar.com\/avatar\/5fb2b8c8cbf294a91330cbf7174503a21fe48490abcf63bd609277aa7741dc4c?s=96&d=mm&r=g","caption":"cneveu"},"url":"https:\/\/www.nutritionetsante.com\/es\/author\/cneveu\/"}]}},"_links":{"self":[{"href":"https:\/\/www.nutritionetsante.com\/es\/wp-json\/wp\/v2\/posts\/12545","targetHints":{"allow":["GET"]}}],"collection":[{"href":"https:\/\/www.nutritionetsante.com\/es\/wp-json\/wp\/v2\/posts"}],"about":[{"href":"https:\/\/www.nutritionetsante.com\/es\/wp-json\/wp\/v2\/types\/post"}],"author":[{"embeddable":true,"href":"https:\/\/www.nutritionetsante.com\/es\/wp-json\/wp\/v2\/users\/1"}],"replies":[{"embeddable":true,"href":"https:\/\/www.nutritionetsante.com\/es\/wp-json\/wp\/v2\/comments?post=12545"}],"version-history":[{"count":1,"href":"https:\/\/www.nutritionetsante.com\/es\/wp-json\/wp\/v2\/posts\/12545\/revisions"}],"predecessor-version":[{"id":12546,"href":"https:\/\/www.nutritionetsante.com\/es\/wp-json\/wp\/v2\/posts\/12545\/revisions\/12546"}],"wp:featuredmedia":[{"embeddable":true,"href":"https:\/\/www.nutritionetsante.com\/es\/wp-json\/wp\/v2\/media\/11839"}],"wp:attachment":[{"href":"https:\/\/www.nutritionetsante.com\/es\/wp-json\/wp\/v2\/media?parent=12545"}],"wp:term":[{"taxonomy":"category","embeddable":true,"href":"https:\/\/www.nutritionetsante.com\/es\/wp-json\/wp\/v2\/categories?post=12545"},{"taxonomy":"post_tag","embeddable":true,"href":"https:\/\/www.nutritionetsante.com\/es\/wp-json\/wp\/v2\/tags?post=12545"}],"curies":[{"name":"wp","href":"https:\/\/api.w.org\/{rel}","templated":true}]}}