{"id":12524,"date":"2025-11-25T10:07:23","date_gmt":"2025-11-25T09:07:23","guid":{"rendered":"https:\/\/www.nutritionetsante.com\/%f0%9f%8e%89-celebrando-la-inclusion-durante-la-semana-europea-por-el-empleo-de-las-personas-con-discapacidad-%f0%9f%92%99\/"},"modified":"2026-04-28T14:32:39","modified_gmt":"2026-04-28T12:32:39","slug":"%f0%9f%8e%89-celebrando-la-inclusion-durante-la-semana-europea-por-el-empleo-de-las-personas-con-discapacidad-%f0%9f%92%99","status":"publish","type":"post","link":"https:\/\/www.nutritionetsante.com\/es\/%f0%9f%8e%89-celebrando-la-inclusion-durante-la-semana-europea-por-el-empleo-de-las-personas-con-discapacidad-%f0%9f%92%99\/","title":{"rendered":"&#x1f389; Celebrando la inclusi\u00f3n durante la Semana Europea por el Empleo de las Personas con Discapacidad &#x1f499;"},"content":{"rendered":"\n<p>Durante la Semana Europea por el Empleo de las Personas con Discapacidad, nuestros equipos de Francia, Italia, Benelux y Espa\u00f1a emprendieron acciones para promover la inclusi\u00f3n y apoyar a las personas con discapacidad, reforzando nuestro compromiso con un lugar de trabajo m\u00e1s inclusivo para todos.<\/p>\n\n<p>A lo largo de la semana, los empleados participaron en una amplia gama de iniciativas enriquecedoras: desde conferencias sobre temas relacionados con la discapacidad, pasando por la creaci\u00f3n de parejas para <strong>#Duoday<\/strong>, hasta momentos privilegiados de intercambio. Estos momentos compartidos ayudaron a crear v\u00ednculos reales y a comprender mejor los retos a los que se enfrentan las personas con discapacidad. <\/p>\n\n<p>En todos nuestros emplazamientos, esta din\u00e1mica ha continuado a trav\u00e9s de talleres, iniciativas de sensibilizaci\u00f3n y colaboraci\u00f3n con las asociaciones locales, contribuyendo a iniciativas con un impacto tangible.<\/p>\n\n<p>&#x1f44f; \u00a1Un gran agradecimiento a todos los equipos implicados por su compromiso, sus acciones y por demostrar que la inclusi\u00f3n est\u00e1 en el coraz\u00f3n de nuestra misi\u00f3n colectiva!<\/p>\n\n<figure class=\"wp-block-gallery has-nested-images columns-default is-cropped wp-block-gallery-2 is-layout-flex wp-block-gallery-is-layout-flex\">\n<figure class=\"wp-block-image size-large\"><img fetchpriority=\"high\" decoding=\"async\" width=\"1024\" height=\"678\" data-id=\"12235\" src=\"https:\/\/www.nutritionetsante.com\/wp-content\/uploads\/2026\/03\/DSC_8085-1024x678.jpg\" alt=\"\" class=\"wp-image-12235\" srcset=\"https:\/\/www.nutritionetsante.com\/wp-content\/uploads\/2026\/03\/DSC_8085-1024x678.jpg 1024w, https:\/\/www.nutritionetsante.com\/wp-content\/uploads\/2026\/03\/DSC_8085-300x199.jpg 300w, https:\/\/www.nutritionetsante.com\/wp-content\/uploads\/2026\/03\/DSC_8085-768x509.jpg 768w, https:\/\/www.nutritionetsante.com\/wp-content\/uploads\/2026\/03\/DSC_8085-1536x1017.jpg 1536w, https:\/\/www.nutritionetsante.com\/wp-content\/uploads\/2026\/03\/DSC_8085-2048x1356.jpg 2048w\" sizes=\"(max-width: 1024px) 100vw, 1024px\" \/><\/figure>\n\n\n\n<figure class=\"wp-block-image size-large\"><img decoding=\"async\" width=\"768\" height=\"1024\" data-id=\"12236\" src=\"https:\/\/www.nutritionetsante.com\/wp-content\/uploads\/2026\/03\/20251126_112220-768x1024.jpg\" alt=\"\" class=\"wp-image-12236\" srcset=\"https:\/\/www.nutritionetsante.com\/wp-content\/uploads\/2026\/03\/20251126_112220-768x1024.jpg 768w, https:\/\/www.nutritionetsante.com\/wp-content\/uploads\/2026\/03\/20251126_112220-225x300.jpg 225w, https:\/\/www.nutritionetsante.com\/wp-content\/uploads\/2026\/03\/20251126_112220-1152x1536.jpg 1152w, https:\/\/www.nutritionetsante.com\/wp-content\/uploads\/2026\/03\/20251126_112220-1536x2048.jpg 1536w, https:\/\/www.nutritionetsante.com\/wp-content\/uploads\/2026\/03\/20251126_112220-1024x1365.jpg 1024w, https:\/\/www.nutritionetsante.com\/wp-content\/uploads\/2026\/03\/20251126_112220-scaled.jpg 1920w\" sizes=\"(max-width: 768px) 100vw, 768px\" \/><\/figure>\n\n\n\n<figure class=\"wp-block-image size-large\"><img decoding=\"async\" width=\"1024\" height=\"768\" data-id=\"12238\" src=\"https:\/\/www.nutritionetsante.com\/wp-content\/uploads\/2026\/03\/20251023_152340-1024x768.jpg\" alt=\"\" class=\"wp-image-12238\" srcset=\"https:\/\/www.nutritionetsante.com\/wp-content\/uploads\/2026\/03\/20251023_152340-1024x768.jpg 1024w, https:\/\/www.nutritionetsante.com\/wp-content\/uploads\/2026\/03\/20251023_152340-300x225.jpg 300w, https:\/\/www.nutritionetsante.com\/wp-content\/uploads\/2026\/03\/20251023_152340-768x576.jpg 768w, https:\/\/www.nutritionetsante.com\/wp-content\/uploads\/2026\/03\/20251023_152340-1536x1152.jpg 1536w, https:\/\/www.nutritionetsante.com\/wp-content\/uploads\/2026\/03\/20251023_152340-2048x1536.jpg 2048w\" sizes=\"(max-width: 1024px) 100vw, 1024px\" \/><\/figure>\n\n\n\n<figure class=\"wp-block-image size-large\"><img loading=\"lazy\" decoding=\"async\" width=\"1024\" height=\"768\" data-id=\"12237\" src=\"https:\/\/www.nutritionetsante.com\/wp-content\/uploads\/2026\/03\/Revel-1024x768.jpg\" alt=\"\" class=\"wp-image-12237\" srcset=\"https:\/\/www.nutritionetsante.com\/wp-content\/uploads\/2026\/03\/Revel-1024x768.jpg 1024w, https:\/\/www.nutritionetsante.com\/wp-content\/uploads\/2026\/03\/Revel-300x225.jpg 300w, https:\/\/www.nutritionetsante.com\/wp-content\/uploads\/2026\/03\/Revel-768x576.jpg 768w, https:\/\/www.nutritionetsante.com\/wp-content\/uploads\/2026\/03\/Revel-1536x1152.jpg 1536w, https:\/\/www.nutritionetsante.com\/wp-content\/uploads\/2026\/03\/Revel-2048x1536.jpg 2048w\" sizes=\"(max-width: 1024px) 100vw, 1024px\" \/><\/figure>\n<\/figure>\n","protected":false},"excerpt":{"rendered":"<p>Durante la Semana Europea por el Empleo de las Personas con Discapacidad, nuestros equipos de Francia, Italia, Benelux y Espa\u00f1a emprendieron acciones para promover la inclusi\u00f3n y apoyar a las personas con discapacidad, reforzando nuestro compromiso con un lugar de trabajo m\u00e1s inclusivo para todos. A lo largo de la semana, los empleados participaron en [&hellip;]<\/p>\n","protected":false},"author":17,"featured_media":12523,"comment_status":"closed","ping_status":"closed","sticky":false,"template":"","format":"standard","meta":{"_acf_changed":false,"inline_featured_image":false,"footnotes":""},"categories":[19],"tags":[],"class_list":["post-12524","post","type-post","status-publish","format-standard","has-post-thumbnail","hentry","category-sin-categorizar"],"acf":[],"yoast_head":"<!-- This site is optimized with the Yoast SEO plugin v27.2 - https:\/\/yoast.com\/product\/yoast-seo-wordpress\/ -->\n<title>&#x1f389; Celebrando la inclusi\u00f3n durante la Semana Europea por el Empleo de las Personas con Discapacidad &#x1f499; - Nutrition &amp; Sant\u00e9<\/title>\n<meta name=\"robots\" content=\"index, follow, max-snippet:-1, max-image-preview:large, max-video-preview:-1\" \/>\n<link rel=\"canonical\" href=\"https:\/\/www.nutritionetsante.com\/es\/%f0%9f%8e%89-celebrando-la-inclusion-durante-la-semana-europea-por-el-empleo-de-las-personas-con-discapacidad-%f0%9f%92%99\/\" \/>\n<meta property=\"og:locale\" content=\"es_ES\" \/>\n<meta property=\"og:type\" content=\"article\" \/>\n<meta property=\"og:title\" content=\"&#x1f389; Celebrando la inclusi\u00f3n durante la Semana Europea por el Empleo de las Personas con Discapacidad &#x1f499; - Nutrition &amp; Sant\u00e9\" \/>\n<meta property=\"og:description\" content=\"Durante la Semana Europea por el Empleo de las Personas con Discapacidad, nuestros equipos de Francia, Italia, Benelux y Espa\u00f1a emprendieron acciones para promover la inclusi\u00f3n y apoyar a las personas con discapacidad, reforzando nuestro compromiso con un lugar de trabajo m\u00e1s inclusivo para todos. A lo largo de la semana, los empleados participaron en [&hellip;]\" \/>\n<meta property=\"og:url\" content=\"https:\/\/www.nutritionetsante.com\/es\/%f0%9f%8e%89-celebrando-la-inclusion-durante-la-semana-europea-por-el-empleo-de-las-personas-con-discapacidad-%f0%9f%92%99\/\" \/>\n<meta property=\"og:site_name\" content=\"Nutrition &amp; Sant\u00e9\" \/>\n<meta property=\"article:published_time\" content=\"2025-11-25T09:07:23+00:00\" \/>\n<meta property=\"article:modified_time\" content=\"2026-04-28T12:32:39+00:00\" \/>\n<meta property=\"og:image\" content=\"https:\/\/www.nutritionetsante.com\/wp-content\/uploads\/2026\/03\/Revel-scaled.jpg\" \/>\n\t<meta property=\"og:image:width\" content=\"2560\" \/>\n\t<meta property=\"og:image:height\" content=\"1920\" \/>\n\t<meta property=\"og:image:type\" content=\"image\/jpeg\" \/>\n<meta name=\"author\" content=\"Marine ROLLO\" \/>\n<meta name=\"twitter:card\" content=\"summary_large_image\" \/>\n<meta name=\"twitter:label1\" content=\"Escrito por\" \/>\n\t<meta name=\"twitter:data1\" content=\"Marine ROLLO\" \/>\n\t<meta name=\"twitter:label2\" content=\"Tiempo de lectura\" \/>\n\t<meta name=\"twitter:data2\" content=\"1 minuto\" \/>\n<script type=\"application\/ld+json\" class=\"yoast-schema-graph\">{\"@context\":\"https:\/\/schema.org\",\"@graph\":[{\"@type\":\"Article\",\"@id\":\"https:\/\/www.nutritionetsante.com\/es\/%f0%9f%8e%89-celebrando-la-inclusion-durante-la-semana-europea-por-el-empleo-de-las-personas-con-discapacidad-%f0%9f%92%99\/#article\",\"isPartOf\":{\"@id\":\"https:\/\/www.nutritionetsante.com\/es\/%f0%9f%8e%89-celebrando-la-inclusion-durante-la-semana-europea-por-el-empleo-de-las-personas-con-discapacidad-%f0%9f%92%99\/\"},\"author\":{\"name\":\"Marine ROLLO\",\"@id\":\"https:\/\/www.nutritionetsante.com\/es\/#\/schema\/person\/1dc2f995eba5eed4c3a84be26e443bef\"},\"headline\":\"&#x1f389; Celebrando la inclusi\u00f3n durante la Semana Europea por el Empleo de las Personas con Discapacidad &#x1f499;\",\"datePublished\":\"2025-11-25T09:07:23+00:00\",\"dateModified\":\"2026-04-28T12:32:39+00:00\",\"mainEntityOfPage\":{\"@id\":\"https:\/\/www.nutritionetsante.com\/es\/%f0%9f%8e%89-celebrando-la-inclusion-durante-la-semana-europea-por-el-empleo-de-las-personas-con-discapacidad-%f0%9f%92%99\/\"},\"wordCount\":195,\"publisher\":{\"@id\":\"https:\/\/www.nutritionetsante.com\/es\/#organization\"},\"image\":{\"@id\":\"https:\/\/www.nutritionetsante.com\/es\/%f0%9f%8e%89-celebrando-la-inclusion-durante-la-semana-europea-por-el-empleo-de-las-personas-con-discapacidad-%f0%9f%92%99\/#primaryimage\"},\"thumbnailUrl\":\"https:\/\/www.nutritionetsante.com\/wp-content\/uploads\/2026\/03\/Revel-scaled.jpg\",\"articleSection\":[\"Sin categorizar\"],\"inLanguage\":\"es\"},{\"@type\":\"WebPage\",\"@id\":\"https:\/\/www.nutritionetsante.com\/es\/%f0%9f%8e%89-celebrando-la-inclusion-durante-la-semana-europea-por-el-empleo-de-las-personas-con-discapacidad-%f0%9f%92%99\/\",\"url\":\"https:\/\/www.nutritionetsante.com\/es\/%f0%9f%8e%89-celebrando-la-inclusion-durante-la-semana-europea-por-el-empleo-de-las-personas-con-discapacidad-%f0%9f%92%99\/\",\"name\":\"&#x1f389; Celebrando la inclusi\u00f3n durante la Semana Europea por el Empleo de las Personas con Discapacidad &#x1f499; - Nutrition &amp; Sant\u00e9\",\"isPartOf\":{\"@id\":\"https:\/\/www.nutritionetsante.com\/es\/#website\"},\"primaryImageOfPage\":{\"@id\":\"https:\/\/www.nutritionetsante.com\/es\/%f0%9f%8e%89-celebrando-la-inclusion-durante-la-semana-europea-por-el-empleo-de-las-personas-con-discapacidad-%f0%9f%92%99\/#primaryimage\"},\"image\":{\"@id\":\"https:\/\/www.nutritionetsante.com\/es\/%f0%9f%8e%89-celebrando-la-inclusion-durante-la-semana-europea-por-el-empleo-de-las-personas-con-discapacidad-%f0%9f%92%99\/#primaryimage\"},\"thumbnailUrl\":\"https:\/\/www.nutritionetsante.com\/wp-content\/uploads\/2026\/03\/Revel-scaled.jpg\",\"datePublished\":\"2025-11-25T09:07:23+00:00\",\"dateModified\":\"2026-04-28T12:32:39+00:00\",\"breadcrumb\":{\"@id\":\"https:\/\/www.nutritionetsante.com\/es\/%f0%9f%8e%89-celebrando-la-inclusion-durante-la-semana-europea-por-el-empleo-de-las-personas-con-discapacidad-%f0%9f%92%99\/#breadcrumb\"},\"inLanguage\":\"es\",\"potentialAction\":[{\"@type\":\"ReadAction\",\"target\":[\"https:\/\/www.nutritionetsante.com\/es\/%f0%9f%8e%89-celebrando-la-inclusion-durante-la-semana-europea-por-el-empleo-de-las-personas-con-discapacidad-%f0%9f%92%99\/\"]}]},{\"@type\":\"ImageObject\",\"inLanguage\":\"es\",\"@id\":\"https:\/\/www.nutritionetsante.com\/es\/%f0%9f%8e%89-celebrando-la-inclusion-durante-la-semana-europea-por-el-empleo-de-las-personas-con-discapacidad-%f0%9f%92%99\/#primaryimage\",\"url\":\"https:\/\/www.nutritionetsante.com\/wp-content\/uploads\/2026\/03\/Revel-scaled.jpg\",\"contentUrl\":\"https:\/\/www.nutritionetsante.com\/wp-content\/uploads\/2026\/03\/Revel-scaled.jpg\",\"width\":2560,\"height\":1920},{\"@type\":\"BreadcrumbList\",\"@id\":\"https:\/\/www.nutritionetsante.com\/es\/%f0%9f%8e%89-celebrando-la-inclusion-durante-la-semana-europea-por-el-empleo-de-las-personas-con-discapacidad-%f0%9f%92%99\/#breadcrumb\",\"itemListElement\":[{\"@type\":\"ListItem\",\"position\":1,\"name\":\"Accueil\",\"item\":\"https:\/\/www.nutritionetsante.com\/es\/\"},{\"@type\":\"ListItem\",\"position\":2,\"name\":\"&#x1f389; Celebrando la inclusi\u00f3n durante la Semana Europea por el Empleo de las Personas con Discapacidad &#x1f499;\"}]},{\"@type\":\"WebSite\",\"@id\":\"https:\/\/www.nutritionetsante.com\/es\/#website\",\"url\":\"https:\/\/www.nutritionetsante.com\/es\/\",\"name\":\"Nutrition & Sant\u00e9\",\"description\":\"Leader de l\u2019alimentation di\u00e9t\u00e9tique et biologique en Europe\",\"publisher\":{\"@id\":\"https:\/\/www.nutritionetsante.com\/es\/#organization\"},\"potentialAction\":[{\"@type\":\"SearchAction\",\"target\":{\"@type\":\"EntryPoint\",\"urlTemplate\":\"https:\/\/www.nutritionetsante.com\/es\/?s={search_term_string}\"},\"query-input\":{\"@type\":\"PropertyValueSpecification\",\"valueRequired\":true,\"valueName\":\"search_term_string\"}}],\"inLanguage\":\"es\"},{\"@type\":\"Organization\",\"@id\":\"https:\/\/www.nutritionetsante.com\/es\/#organization\",\"name\":\"Nutrition & Sant\u00e9\",\"url\":\"https:\/\/www.nutritionetsante.com\/es\/\",\"logo\":{\"@type\":\"ImageObject\",\"inLanguage\":\"es\",\"@id\":\"https:\/\/www.nutritionetsante.com\/es\/#\/schema\/logo\/image\/\",\"url\":\"https:\/\/www.nutritionetsante.com\/wp-content\/uploads\/2022\/04\/logo-ns.svg\",\"contentUrl\":\"https:\/\/www.nutritionetsante.com\/wp-content\/uploads\/2022\/04\/logo-ns.svg\",\"width\":220,\"height\":83,\"caption\":\"Nutrition & Sant\u00e9\"},\"image\":{\"@id\":\"https:\/\/www.nutritionetsante.com\/es\/#\/schema\/logo\/image\/\"},\"sameAs\":[\"https:\/\/www.linkedin.com\/company\/nutrition-&-sante\/\"]},{\"@type\":\"Person\",\"@id\":\"https:\/\/www.nutritionetsante.com\/es\/#\/schema\/person\/1dc2f995eba5eed4c3a84be26e443bef\",\"name\":\"Marine ROLLO\",\"image\":{\"@type\":\"ImageObject\",\"inLanguage\":\"es\",\"@id\":\"https:\/\/secure.gravatar.com\/avatar\/7e4e89a0e0eaceb832b319265772df91b804eaa08ce7cc0620f7f28508859b31?s=96&d=mm&r=g\",\"url\":\"https:\/\/secure.gravatar.com\/avatar\/7e4e89a0e0eaceb832b319265772df91b804eaa08ce7cc0620f7f28508859b31?s=96&d=mm&r=g\",\"contentUrl\":\"https:\/\/secure.gravatar.com\/avatar\/7e4e89a0e0eaceb832b319265772df91b804eaa08ce7cc0620f7f28508859b31?s=96&d=mm&r=g\",\"caption\":\"Marine ROLLO\"},\"sameAs\":[\"https:\/\/www.nutritionetsante.com\"],\"url\":\"https:\/\/www.nutritionetsante.com\/es\/author\/mrollo\/\"}]}<\/script>\n<!-- \/ Yoast SEO plugin. -->","yoast_head_json":{"title":"&#x1f389; Celebrando la inclusi\u00f3n durante la Semana Europea por el Empleo de las Personas con Discapacidad &#x1f499; - Nutrition &amp; Sant\u00e9","robots":{"index":"index","follow":"follow","max-snippet":"max-snippet:-1","max-image-preview":"max-image-preview:large","max-video-preview":"max-video-preview:-1"},"canonical":"https:\/\/www.nutritionetsante.com\/es\/%f0%9f%8e%89-celebrando-la-inclusion-durante-la-semana-europea-por-el-empleo-de-las-personas-con-discapacidad-%f0%9f%92%99\/","og_locale":"es_ES","og_type":"article","og_title":"&#x1f389; Celebrando la inclusi\u00f3n durante la Semana Europea por el Empleo de las Personas con Discapacidad &#x1f499; - Nutrition &amp; Sant\u00e9","og_description":"Durante la Semana Europea por el Empleo de las Personas con Discapacidad, nuestros equipos de Francia, Italia, Benelux y Espa\u00f1a emprendieron acciones para promover la inclusi\u00f3n y apoyar a las personas con discapacidad, reforzando nuestro compromiso con un lugar de trabajo m\u00e1s inclusivo para todos. A lo largo de la semana, los empleados participaron en [&hellip;]","og_url":"https:\/\/www.nutritionetsante.com\/es\/%f0%9f%8e%89-celebrando-la-inclusion-durante-la-semana-europea-por-el-empleo-de-las-personas-con-discapacidad-%f0%9f%92%99\/","og_site_name":"Nutrition &amp; Sant\u00e9","article_published_time":"2025-11-25T09:07:23+00:00","article_modified_time":"2026-04-28T12:32:39+00:00","og_image":[{"width":2560,"height":1920,"url":"https:\/\/www.nutritionetsante.com\/wp-content\/uploads\/2026\/03\/Revel-scaled.jpg","type":"image\/jpeg"}],"author":"Marine ROLLO","twitter_card":"summary_large_image","twitter_misc":{"Escrito por":"Marine ROLLO","Tiempo de lectura":"1 minuto"},"schema":{"@context":"https:\/\/schema.org","@graph":[{"@type":"Article","@id":"https:\/\/www.nutritionetsante.com\/es\/%f0%9f%8e%89-celebrando-la-inclusion-durante-la-semana-europea-por-el-empleo-de-las-personas-con-discapacidad-%f0%9f%92%99\/#article","isPartOf":{"@id":"https:\/\/www.nutritionetsante.com\/es\/%f0%9f%8e%89-celebrando-la-inclusion-durante-la-semana-europea-por-el-empleo-de-las-personas-con-discapacidad-%f0%9f%92%99\/"},"author":{"name":"Marine ROLLO","@id":"https:\/\/www.nutritionetsante.com\/es\/#\/schema\/person\/1dc2f995eba5eed4c3a84be26e443bef"},"headline":"&#x1f389; Celebrando la inclusi\u00f3n durante la Semana Europea por el Empleo de las Personas con Discapacidad &#x1f499;","datePublished":"2025-11-25T09:07:23+00:00","dateModified":"2026-04-28T12:32:39+00:00","mainEntityOfPage":{"@id":"https:\/\/www.nutritionetsante.com\/es\/%f0%9f%8e%89-celebrando-la-inclusion-durante-la-semana-europea-por-el-empleo-de-las-personas-con-discapacidad-%f0%9f%92%99\/"},"wordCount":195,"publisher":{"@id":"https:\/\/www.nutritionetsante.com\/es\/#organization"},"image":{"@id":"https:\/\/www.nutritionetsante.com\/es\/%f0%9f%8e%89-celebrando-la-inclusion-durante-la-semana-europea-por-el-empleo-de-las-personas-con-discapacidad-%f0%9f%92%99\/#primaryimage"},"thumbnailUrl":"https:\/\/www.nutritionetsante.com\/wp-content\/uploads\/2026\/03\/Revel-scaled.jpg","articleSection":["Sin categorizar"],"inLanguage":"es"},{"@type":"WebPage","@id":"https:\/\/www.nutritionetsante.com\/es\/%f0%9f%8e%89-celebrando-la-inclusion-durante-la-semana-europea-por-el-empleo-de-las-personas-con-discapacidad-%f0%9f%92%99\/","url":"https:\/\/www.nutritionetsante.com\/es\/%f0%9f%8e%89-celebrando-la-inclusion-durante-la-semana-europea-por-el-empleo-de-las-personas-con-discapacidad-%f0%9f%92%99\/","name":"&#x1f389; Celebrando la inclusi\u00f3n durante la Semana Europea por el Empleo de las Personas con Discapacidad &#x1f499; - Nutrition &amp; Sant\u00e9","isPartOf":{"@id":"https:\/\/www.nutritionetsante.com\/es\/#website"},"primaryImageOfPage":{"@id":"https:\/\/www.nutritionetsante.com\/es\/%f0%9f%8e%89-celebrando-la-inclusion-durante-la-semana-europea-por-el-empleo-de-las-personas-con-discapacidad-%f0%9f%92%99\/#primaryimage"},"image":{"@id":"https:\/\/www.nutritionetsante.com\/es\/%f0%9f%8e%89-celebrando-la-inclusion-durante-la-semana-europea-por-el-empleo-de-las-personas-con-discapacidad-%f0%9f%92%99\/#primaryimage"},"thumbnailUrl":"https:\/\/www.nutritionetsante.com\/wp-content\/uploads\/2026\/03\/Revel-scaled.jpg","datePublished":"2025-11-25T09:07:23+00:00","dateModified":"2026-04-28T12:32:39+00:00","breadcrumb":{"@id":"https:\/\/www.nutritionetsante.com\/es\/%f0%9f%8e%89-celebrando-la-inclusion-durante-la-semana-europea-por-el-empleo-de-las-personas-con-discapacidad-%f0%9f%92%99\/#breadcrumb"},"inLanguage":"es","potentialAction":[{"@type":"ReadAction","target":["https:\/\/www.nutritionetsante.com\/es\/%f0%9f%8e%89-celebrando-la-inclusion-durante-la-semana-europea-por-el-empleo-de-las-personas-con-discapacidad-%f0%9f%92%99\/"]}]},{"@type":"ImageObject","inLanguage":"es","@id":"https:\/\/www.nutritionetsante.com\/es\/%f0%9f%8e%89-celebrando-la-inclusion-durante-la-semana-europea-por-el-empleo-de-las-personas-con-discapacidad-%f0%9f%92%99\/#primaryimage","url":"https:\/\/www.nutritionetsante.com\/wp-content\/uploads\/2026\/03\/Revel-scaled.jpg","contentUrl":"https:\/\/www.nutritionetsante.com\/wp-content\/uploads\/2026\/03\/Revel-scaled.jpg","width":2560,"height":1920},{"@type":"BreadcrumbList","@id":"https:\/\/www.nutritionetsante.com\/es\/%f0%9f%8e%89-celebrando-la-inclusion-durante-la-semana-europea-por-el-empleo-de-las-personas-con-discapacidad-%f0%9f%92%99\/#breadcrumb","itemListElement":[{"@type":"ListItem","position":1,"name":"Accueil","item":"https:\/\/www.nutritionetsante.com\/es\/"},{"@type":"ListItem","position":2,"name":"&#x1f389; Celebrando la inclusi\u00f3n durante la Semana Europea por el Empleo de las Personas con Discapacidad &#x1f499;"}]},{"@type":"WebSite","@id":"https:\/\/www.nutritionetsante.com\/es\/#website","url":"https:\/\/www.nutritionetsante.com\/es\/","name":"Nutrition & Sant\u00e9","description":"Leader de l\u2019alimentation di\u00e9t\u00e9tique et biologique en Europe","publisher":{"@id":"https:\/\/www.nutritionetsante.com\/es\/#organization"},"potentialAction":[{"@type":"SearchAction","target":{"@type":"EntryPoint","urlTemplate":"https:\/\/www.nutritionetsante.com\/es\/?s={search_term_string}"},"query-input":{"@type":"PropertyValueSpecification","valueRequired":true,"valueName":"search_term_string"}}],"inLanguage":"es"},{"@type":"Organization","@id":"https:\/\/www.nutritionetsante.com\/es\/#organization","name":"Nutrition & Sant\u00e9","url":"https:\/\/www.nutritionetsante.com\/es\/","logo":{"@type":"ImageObject","inLanguage":"es","@id":"https:\/\/www.nutritionetsante.com\/es\/#\/schema\/logo\/image\/","url":"https:\/\/www.nutritionetsante.com\/wp-content\/uploads\/2022\/04\/logo-ns.svg","contentUrl":"https:\/\/www.nutritionetsante.com\/wp-content\/uploads\/2022\/04\/logo-ns.svg","width":220,"height":83,"caption":"Nutrition & Sant\u00e9"},"image":{"@id":"https:\/\/www.nutritionetsante.com\/es\/#\/schema\/logo\/image\/"},"sameAs":["https:\/\/www.linkedin.com\/company\/nutrition-&-sante\/"]},{"@type":"Person","@id":"https:\/\/www.nutritionetsante.com\/es\/#\/schema\/person\/1dc2f995eba5eed4c3a84be26e443bef","name":"Marine ROLLO","image":{"@type":"ImageObject","inLanguage":"es","@id":"https:\/\/secure.gravatar.com\/avatar\/7e4e89a0e0eaceb832b319265772df91b804eaa08ce7cc0620f7f28508859b31?s=96&d=mm&r=g","url":"https:\/\/secure.gravatar.com\/avatar\/7e4e89a0e0eaceb832b319265772df91b804eaa08ce7cc0620f7f28508859b31?s=96&d=mm&r=g","contentUrl":"https:\/\/secure.gravatar.com\/avatar\/7e4e89a0e0eaceb832b319265772df91b804eaa08ce7cc0620f7f28508859b31?s=96&d=mm&r=g","caption":"Marine ROLLO"},"sameAs":["https:\/\/www.nutritionetsante.com"],"url":"https:\/\/www.nutritionetsante.com\/es\/author\/mrollo\/"}]}},"_links":{"self":[{"href":"https:\/\/www.nutritionetsante.com\/es\/wp-json\/wp\/v2\/posts\/12524","targetHints":{"allow":["GET"]}}],"collection":[{"href":"https:\/\/www.nutritionetsante.com\/es\/wp-json\/wp\/v2\/posts"}],"about":[{"href":"https:\/\/www.nutritionetsante.com\/es\/wp-json\/wp\/v2\/types\/post"}],"author":[{"embeddable":true,"href":"https:\/\/www.nutritionetsante.com\/es\/wp-json\/wp\/v2\/users\/17"}],"replies":[{"embeddable":true,"href":"https:\/\/www.nutritionetsante.com\/es\/wp-json\/wp\/v2\/comments?post=12524"}],"version-history":[{"count":1,"href":"https:\/\/www.nutritionetsante.com\/es\/wp-json\/wp\/v2\/posts\/12524\/revisions"}],"predecessor-version":[{"id":12528,"href":"https:\/\/www.nutritionetsante.com\/es\/wp-json\/wp\/v2\/posts\/12524\/revisions\/12528"}],"wp:featuredmedia":[{"embeddable":true,"href":"https:\/\/www.nutritionetsante.com\/es\/wp-json\/wp\/v2\/media\/12523"}],"wp:attachment":[{"href":"https:\/\/www.nutritionetsante.com\/es\/wp-json\/wp\/v2\/media?parent=12524"}],"wp:term":[{"taxonomy":"category","embeddable":true,"href":"https:\/\/www.nutritionetsante.com\/es\/wp-json\/wp\/v2\/categories?post=12524"},{"taxonomy":"post_tag","embeddable":true,"href":"https:\/\/www.nutritionetsante.com\/es\/wp-json\/wp\/v2\/tags?post=12524"}],"curies":[{"name":"wp","href":"https:\/\/api.w.org\/{rel}","templated":true}]}}