{"id":12515,"date":"2025-12-23T09:56:58","date_gmt":"2025-12-23T08:56:58","guid":{"rendered":"https:\/\/www.nutritionetsante.com\/nombramiento-de-nuestro-nuevo-director-administrativo-y-financiero-del-grupo-sebastien-bary\/"},"modified":"2026-04-28T09:57:49","modified_gmt":"2026-04-28T07:57:49","slug":"nombramiento-de-nuestro-nuevo-director-administrativo-y-financiero-del-grupo-sebastien-bary","status":"publish","type":"post","link":"https:\/\/www.nutritionetsante.com\/es\/nombramiento-de-nuestro-nuevo-director-administrativo-y-financiero-del-grupo-sebastien-bary\/","title":{"rendered":"Nombramiento de nuestro nuevo Director Administrativo y Financiero del Grupo, Sebastien Bary!"},"content":{"rendered":"\n<p>Tras 10 a\u00f1os en el Control de Gesti\u00f3n de Nutrition &amp; Sant\u00e9, S\u00e9bastien Bary fue nombrado Director Financiero de Nutrition &amp; Sant\u00e9 Iberia en 2012, donde contribuy\u00f3 a la adquisici\u00f3n e integraci\u00f3n de Bicentury, actualmente la marca l\u00edder en Nutrici\u00f3n para el bienestar en Espa\u00f1a.<br\/><br\/>Con 25 a\u00f1os de experiencia en el Grupo Nutrition et Sant\u00e9, S\u00e9bastien utilizar\u00e1 su profundo conocimiento de la organizaci\u00f3n y su experiencia en su nuevo cargo para:<br\/>&#x27a1;&#xfe0f; contribuir al plan de crecimiento de Nutrition et Sant\u00e9,<br\/>&#x27a1;&#xfe0f; dirigir un proyecto de estructuraci\u00f3n para transformar los sistemas y la gobernanza integrada,<br\/>&#x27a1;&#xfe0f; apoyar la estrategia de fusiones y adquisiciones del Grupo.<br\/><br\/>\u201cEstoy agradecido por la confianza depositada en m\u00ed y muy honrado de asumir estas nuevas responsabilidades dentro de Nutrition et Sant\u00e9. Profundamente comprometido con sus valores de cercan\u00eda, pragmatismo y compromiso, pondr\u00e9 toda mi experiencia al servicio del crecimiento sostenible del Grupo.\u201d <a href=\"https:\/\/www.linkedin.com\/in\/sebastien-bary\/\">S\u00e9bastien Bary<\/a><br\/><br\/>\u00a1Nuestras m\u00e1s sinceras felicitaciones a S\u00e9bastien por este nuevo hito!<\/p>\n","protected":false},"excerpt":{"rendered":"<p>Tras 10 a\u00f1os en el Control de Gesti\u00f3n de Nutrition &amp; Sant\u00e9, S\u00e9bastien Bary fue nombrado Director Financiero de Nutrition &amp; Sant\u00e9 Iberia en 2012, donde contribuy\u00f3 a la adquisici\u00f3n e integraci\u00f3n de Bicentury, actualmente la marca l\u00edder en Nutrici\u00f3n para el bienestar en Espa\u00f1a. Con 25 a\u00f1os de experiencia en el Grupo Nutrition et [&hellip;]<\/p>\n","protected":false},"author":17,"featured_media":12514,"comment_status":"closed","ping_status":"closed","sticky":false,"template":"","format":"standard","meta":{"_acf_changed":false,"inline_featured_image":false,"footnotes":""},"categories":[19],"tags":[],"class_list":["post-12515","post","type-post","status-publish","format-standard","has-post-thumbnail","hentry","category-sin-categorizar"],"acf":[],"yoast_head":"<!-- This site is optimized with the Yoast SEO plugin v27.2 - https:\/\/yoast.com\/product\/yoast-seo-wordpress\/ -->\n<title>Nombramiento de nuestro nuevo Director Administrativo y Financiero del Grupo, Sebastien Bary! - Nutrition &amp; Sant\u00e9<\/title>\n<meta name=\"robots\" content=\"index, follow, max-snippet:-1, max-image-preview:large, max-video-preview:-1\" \/>\n<link rel=\"canonical\" href=\"https:\/\/www.nutritionetsante.com\/es\/nombramiento-de-nuestro-nuevo-director-administrativo-y-financiero-del-grupo-sebastien-bary\/\" \/>\n<meta property=\"og:locale\" content=\"es_ES\" \/>\n<meta property=\"og:type\" content=\"article\" \/>\n<meta property=\"og:title\" content=\"Nombramiento de nuestro nuevo Director Administrativo y Financiero del Grupo, Sebastien Bary! - Nutrition &amp; Sant\u00e9\" \/>\n<meta property=\"og:description\" content=\"Tras 10 a\u00f1os en el Control de Gesti\u00f3n de Nutrition &amp; Sant\u00e9, S\u00e9bastien Bary fue nombrado Director Financiero de Nutrition &amp; Sant\u00e9 Iberia en 2012, donde contribuy\u00f3 a la adquisici\u00f3n e integraci\u00f3n de Bicentury, actualmente la marca l\u00edder en Nutrici\u00f3n para el bienestar en Espa\u00f1a. Con 25 a\u00f1os de experiencia en el Grupo Nutrition et [&hellip;]\" \/>\n<meta property=\"og:url\" content=\"https:\/\/www.nutritionetsante.com\/es\/nombramiento-de-nuestro-nuevo-director-administrativo-y-financiero-del-grupo-sebastien-bary\/\" \/>\n<meta property=\"og:site_name\" content=\"Nutrition &amp; Sant\u00e9\" \/>\n<meta property=\"article:published_time\" content=\"2025-12-23T08:56:58+00:00\" \/>\n<meta property=\"article:modified_time\" content=\"2026-04-28T07:57:49+00:00\" \/>\n<meta property=\"og:image\" content=\"https:\/\/www.nutritionetsante.com\/wp-content\/uploads\/2026\/03\/SEB-BARY-PORTRAIT.png\" \/>\n\t<meta property=\"og:image:width\" content=\"1333\" \/>\n\t<meta property=\"og:image:height\" content=\"1333\" \/>\n\t<meta property=\"og:image:type\" content=\"image\/png\" \/>\n<meta name=\"author\" content=\"Marine ROLLO\" \/>\n<meta name=\"twitter:card\" content=\"summary_large_image\" \/>\n<meta name=\"twitter:label1\" content=\"Escrito por\" \/>\n\t<meta name=\"twitter:data1\" content=\"Marine ROLLO\" \/>\n\t<meta name=\"twitter:label2\" content=\"Tiempo de lectura\" \/>\n\t<meta name=\"twitter:data2\" content=\"1 minuto\" \/>\n<script type=\"application\/ld+json\" class=\"yoast-schema-graph\">{\"@context\":\"https:\/\/schema.org\",\"@graph\":[{\"@type\":\"Article\",\"@id\":\"https:\/\/www.nutritionetsante.com\/es\/nombramiento-de-nuestro-nuevo-director-administrativo-y-financiero-del-grupo-sebastien-bary\/#article\",\"isPartOf\":{\"@id\":\"https:\/\/www.nutritionetsante.com\/es\/nombramiento-de-nuestro-nuevo-director-administrativo-y-financiero-del-grupo-sebastien-bary\/\"},\"author\":{\"name\":\"Marine ROLLO\",\"@id\":\"https:\/\/www.nutritionetsante.com\/es\/#\/schema\/person\/1dc2f995eba5eed4c3a84be26e443bef\"},\"headline\":\"Nombramiento de nuestro nuevo Director Administrativo y Financiero del Grupo, Sebastien Bary!\",\"datePublished\":\"2025-12-23T08:56:58+00:00\",\"dateModified\":\"2026-04-28T07:57:49+00:00\",\"mainEntityOfPage\":{\"@id\":\"https:\/\/www.nutritionetsante.com\/es\/nombramiento-de-nuestro-nuevo-director-administrativo-y-financiero-del-grupo-sebastien-bary\/\"},\"wordCount\":194,\"publisher\":{\"@id\":\"https:\/\/www.nutritionetsante.com\/es\/#organization\"},\"image\":{\"@id\":\"https:\/\/www.nutritionetsante.com\/es\/nombramiento-de-nuestro-nuevo-director-administrativo-y-financiero-del-grupo-sebastien-bary\/#primaryimage\"},\"thumbnailUrl\":\"https:\/\/www.nutritionetsante.com\/wp-content\/uploads\/2026\/03\/SEB-BARY-PORTRAIT.png\",\"articleSection\":[\"Sin categorizar\"],\"inLanguage\":\"es\"},{\"@type\":\"WebPage\",\"@id\":\"https:\/\/www.nutritionetsante.com\/es\/nombramiento-de-nuestro-nuevo-director-administrativo-y-financiero-del-grupo-sebastien-bary\/\",\"url\":\"https:\/\/www.nutritionetsante.com\/es\/nombramiento-de-nuestro-nuevo-director-administrativo-y-financiero-del-grupo-sebastien-bary\/\",\"name\":\"Nombramiento de nuestro nuevo Director Administrativo y Financiero del Grupo, Sebastien Bary! - Nutrition &amp; Sant\u00e9\",\"isPartOf\":{\"@id\":\"https:\/\/www.nutritionetsante.com\/es\/#website\"},\"primaryImageOfPage\":{\"@id\":\"https:\/\/www.nutritionetsante.com\/es\/nombramiento-de-nuestro-nuevo-director-administrativo-y-financiero-del-grupo-sebastien-bary\/#primaryimage\"},\"image\":{\"@id\":\"https:\/\/www.nutritionetsante.com\/es\/nombramiento-de-nuestro-nuevo-director-administrativo-y-financiero-del-grupo-sebastien-bary\/#primaryimage\"},\"thumbnailUrl\":\"https:\/\/www.nutritionetsante.com\/wp-content\/uploads\/2026\/03\/SEB-BARY-PORTRAIT.png\",\"datePublished\":\"2025-12-23T08:56:58+00:00\",\"dateModified\":\"2026-04-28T07:57:49+00:00\",\"breadcrumb\":{\"@id\":\"https:\/\/www.nutritionetsante.com\/es\/nombramiento-de-nuestro-nuevo-director-administrativo-y-financiero-del-grupo-sebastien-bary\/#breadcrumb\"},\"inLanguage\":\"es\",\"potentialAction\":[{\"@type\":\"ReadAction\",\"target\":[\"https:\/\/www.nutritionetsante.com\/es\/nombramiento-de-nuestro-nuevo-director-administrativo-y-financiero-del-grupo-sebastien-bary\/\"]}]},{\"@type\":\"ImageObject\",\"inLanguage\":\"es\",\"@id\":\"https:\/\/www.nutritionetsante.com\/es\/nombramiento-de-nuestro-nuevo-director-administrativo-y-financiero-del-grupo-sebastien-bary\/#primaryimage\",\"url\":\"https:\/\/www.nutritionetsante.com\/wp-content\/uploads\/2026\/03\/SEB-BARY-PORTRAIT.png\",\"contentUrl\":\"https:\/\/www.nutritionetsante.com\/wp-content\/uploads\/2026\/03\/SEB-BARY-PORTRAIT.png\",\"width\":1333,\"height\":1333},{\"@type\":\"BreadcrumbList\",\"@id\":\"https:\/\/www.nutritionetsante.com\/es\/nombramiento-de-nuestro-nuevo-director-administrativo-y-financiero-del-grupo-sebastien-bary\/#breadcrumb\",\"itemListElement\":[{\"@type\":\"ListItem\",\"position\":1,\"name\":\"Accueil\",\"item\":\"https:\/\/www.nutritionetsante.com\/es\/\"},{\"@type\":\"ListItem\",\"position\":2,\"name\":\"Nombramiento de nuestro nuevo Director Administrativo y Financiero del Grupo, Sebastien Bary!\"}]},{\"@type\":\"WebSite\",\"@id\":\"https:\/\/www.nutritionetsante.com\/es\/#website\",\"url\":\"https:\/\/www.nutritionetsante.com\/es\/\",\"name\":\"Nutrition & Sant\u00e9\",\"description\":\"Leader de l\u2019alimentation di\u00e9t\u00e9tique et biologique en Europe\",\"publisher\":{\"@id\":\"https:\/\/www.nutritionetsante.com\/es\/#organization\"},\"potentialAction\":[{\"@type\":\"SearchAction\",\"target\":{\"@type\":\"EntryPoint\",\"urlTemplate\":\"https:\/\/www.nutritionetsante.com\/es\/?s={search_term_string}\"},\"query-input\":{\"@type\":\"PropertyValueSpecification\",\"valueRequired\":true,\"valueName\":\"search_term_string\"}}],\"inLanguage\":\"es\"},{\"@type\":\"Organization\",\"@id\":\"https:\/\/www.nutritionetsante.com\/es\/#organization\",\"name\":\"Nutrition & Sant\u00e9\",\"url\":\"https:\/\/www.nutritionetsante.com\/es\/\",\"logo\":{\"@type\":\"ImageObject\",\"inLanguage\":\"es\",\"@id\":\"https:\/\/www.nutritionetsante.com\/es\/#\/schema\/logo\/image\/\",\"url\":\"https:\/\/www.nutritionetsante.com\/wp-content\/uploads\/2022\/04\/logo-ns.svg\",\"contentUrl\":\"https:\/\/www.nutritionetsante.com\/wp-content\/uploads\/2022\/04\/logo-ns.svg\",\"width\":220,\"height\":83,\"caption\":\"Nutrition & Sant\u00e9\"},\"image\":{\"@id\":\"https:\/\/www.nutritionetsante.com\/es\/#\/schema\/logo\/image\/\"},\"sameAs\":[\"https:\/\/www.linkedin.com\/company\/nutrition-&-sante\/\"]},{\"@type\":\"Person\",\"@id\":\"https:\/\/www.nutritionetsante.com\/es\/#\/schema\/person\/1dc2f995eba5eed4c3a84be26e443bef\",\"name\":\"Marine ROLLO\",\"image\":{\"@type\":\"ImageObject\",\"inLanguage\":\"es\",\"@id\":\"https:\/\/secure.gravatar.com\/avatar\/7e4e89a0e0eaceb832b319265772df91b804eaa08ce7cc0620f7f28508859b31?s=96&d=mm&r=g\",\"url\":\"https:\/\/secure.gravatar.com\/avatar\/7e4e89a0e0eaceb832b319265772df91b804eaa08ce7cc0620f7f28508859b31?s=96&d=mm&r=g\",\"contentUrl\":\"https:\/\/secure.gravatar.com\/avatar\/7e4e89a0e0eaceb832b319265772df91b804eaa08ce7cc0620f7f28508859b31?s=96&d=mm&r=g\",\"caption\":\"Marine ROLLO\"},\"sameAs\":[\"https:\/\/www.nutritionetsante.com\"],\"url\":\"https:\/\/www.nutritionetsante.com\/es\/author\/mrollo\/\"}]}<\/script>\n<!-- \/ Yoast SEO plugin. -->","yoast_head_json":{"title":"Nombramiento de nuestro nuevo Director Administrativo y Financiero del Grupo, Sebastien Bary! - Nutrition &amp; Sant\u00e9","robots":{"index":"index","follow":"follow","max-snippet":"max-snippet:-1","max-image-preview":"max-image-preview:large","max-video-preview":"max-video-preview:-1"},"canonical":"https:\/\/www.nutritionetsante.com\/es\/nombramiento-de-nuestro-nuevo-director-administrativo-y-financiero-del-grupo-sebastien-bary\/","og_locale":"es_ES","og_type":"article","og_title":"Nombramiento de nuestro nuevo Director Administrativo y Financiero del Grupo, Sebastien Bary! - Nutrition &amp; Sant\u00e9","og_description":"Tras 10 a\u00f1os en el Control de Gesti\u00f3n de Nutrition &amp; Sant\u00e9, S\u00e9bastien Bary fue nombrado Director Financiero de Nutrition &amp; Sant\u00e9 Iberia en 2012, donde contribuy\u00f3 a la adquisici\u00f3n e integraci\u00f3n de Bicentury, actualmente la marca l\u00edder en Nutrici\u00f3n para el bienestar en Espa\u00f1a. Con 25 a\u00f1os de experiencia en el Grupo Nutrition et [&hellip;]","og_url":"https:\/\/www.nutritionetsante.com\/es\/nombramiento-de-nuestro-nuevo-director-administrativo-y-financiero-del-grupo-sebastien-bary\/","og_site_name":"Nutrition &amp; Sant\u00e9","article_published_time":"2025-12-23T08:56:58+00:00","article_modified_time":"2026-04-28T07:57:49+00:00","og_image":[{"width":1333,"height":1333,"url":"https:\/\/www.nutritionetsante.com\/wp-content\/uploads\/2026\/03\/SEB-BARY-PORTRAIT.png","type":"image\/png"}],"author":"Marine ROLLO","twitter_card":"summary_large_image","twitter_misc":{"Escrito por":"Marine ROLLO","Tiempo de lectura":"1 minuto"},"schema":{"@context":"https:\/\/schema.org","@graph":[{"@type":"Article","@id":"https:\/\/www.nutritionetsante.com\/es\/nombramiento-de-nuestro-nuevo-director-administrativo-y-financiero-del-grupo-sebastien-bary\/#article","isPartOf":{"@id":"https:\/\/www.nutritionetsante.com\/es\/nombramiento-de-nuestro-nuevo-director-administrativo-y-financiero-del-grupo-sebastien-bary\/"},"author":{"name":"Marine ROLLO","@id":"https:\/\/www.nutritionetsante.com\/es\/#\/schema\/person\/1dc2f995eba5eed4c3a84be26e443bef"},"headline":"Nombramiento de nuestro nuevo Director Administrativo y Financiero del Grupo, Sebastien Bary!","datePublished":"2025-12-23T08:56:58+00:00","dateModified":"2026-04-28T07:57:49+00:00","mainEntityOfPage":{"@id":"https:\/\/www.nutritionetsante.com\/es\/nombramiento-de-nuestro-nuevo-director-administrativo-y-financiero-del-grupo-sebastien-bary\/"},"wordCount":194,"publisher":{"@id":"https:\/\/www.nutritionetsante.com\/es\/#organization"},"image":{"@id":"https:\/\/www.nutritionetsante.com\/es\/nombramiento-de-nuestro-nuevo-director-administrativo-y-financiero-del-grupo-sebastien-bary\/#primaryimage"},"thumbnailUrl":"https:\/\/www.nutritionetsante.com\/wp-content\/uploads\/2026\/03\/SEB-BARY-PORTRAIT.png","articleSection":["Sin categorizar"],"inLanguage":"es"},{"@type":"WebPage","@id":"https:\/\/www.nutritionetsante.com\/es\/nombramiento-de-nuestro-nuevo-director-administrativo-y-financiero-del-grupo-sebastien-bary\/","url":"https:\/\/www.nutritionetsante.com\/es\/nombramiento-de-nuestro-nuevo-director-administrativo-y-financiero-del-grupo-sebastien-bary\/","name":"Nombramiento de nuestro nuevo Director Administrativo y Financiero del Grupo, Sebastien Bary! - Nutrition &amp; Sant\u00e9","isPartOf":{"@id":"https:\/\/www.nutritionetsante.com\/es\/#website"},"primaryImageOfPage":{"@id":"https:\/\/www.nutritionetsante.com\/es\/nombramiento-de-nuestro-nuevo-director-administrativo-y-financiero-del-grupo-sebastien-bary\/#primaryimage"},"image":{"@id":"https:\/\/www.nutritionetsante.com\/es\/nombramiento-de-nuestro-nuevo-director-administrativo-y-financiero-del-grupo-sebastien-bary\/#primaryimage"},"thumbnailUrl":"https:\/\/www.nutritionetsante.com\/wp-content\/uploads\/2026\/03\/SEB-BARY-PORTRAIT.png","datePublished":"2025-12-23T08:56:58+00:00","dateModified":"2026-04-28T07:57:49+00:00","breadcrumb":{"@id":"https:\/\/www.nutritionetsante.com\/es\/nombramiento-de-nuestro-nuevo-director-administrativo-y-financiero-del-grupo-sebastien-bary\/#breadcrumb"},"inLanguage":"es","potentialAction":[{"@type":"ReadAction","target":["https:\/\/www.nutritionetsante.com\/es\/nombramiento-de-nuestro-nuevo-director-administrativo-y-financiero-del-grupo-sebastien-bary\/"]}]},{"@type":"ImageObject","inLanguage":"es","@id":"https:\/\/www.nutritionetsante.com\/es\/nombramiento-de-nuestro-nuevo-director-administrativo-y-financiero-del-grupo-sebastien-bary\/#primaryimage","url":"https:\/\/www.nutritionetsante.com\/wp-content\/uploads\/2026\/03\/SEB-BARY-PORTRAIT.png","contentUrl":"https:\/\/www.nutritionetsante.com\/wp-content\/uploads\/2026\/03\/SEB-BARY-PORTRAIT.png","width":1333,"height":1333},{"@type":"BreadcrumbList","@id":"https:\/\/www.nutritionetsante.com\/es\/nombramiento-de-nuestro-nuevo-director-administrativo-y-financiero-del-grupo-sebastien-bary\/#breadcrumb","itemListElement":[{"@type":"ListItem","position":1,"name":"Accueil","item":"https:\/\/www.nutritionetsante.com\/es\/"},{"@type":"ListItem","position":2,"name":"Nombramiento de nuestro nuevo Director Administrativo y Financiero del Grupo, Sebastien Bary!"}]},{"@type":"WebSite","@id":"https:\/\/www.nutritionetsante.com\/es\/#website","url":"https:\/\/www.nutritionetsante.com\/es\/","name":"Nutrition & Sant\u00e9","description":"Leader de l\u2019alimentation di\u00e9t\u00e9tique et biologique en Europe","publisher":{"@id":"https:\/\/www.nutritionetsante.com\/es\/#organization"},"potentialAction":[{"@type":"SearchAction","target":{"@type":"EntryPoint","urlTemplate":"https:\/\/www.nutritionetsante.com\/es\/?s={search_term_string}"},"query-input":{"@type":"PropertyValueSpecification","valueRequired":true,"valueName":"search_term_string"}}],"inLanguage":"es"},{"@type":"Organization","@id":"https:\/\/www.nutritionetsante.com\/es\/#organization","name":"Nutrition & Sant\u00e9","url":"https:\/\/www.nutritionetsante.com\/es\/","logo":{"@type":"ImageObject","inLanguage":"es","@id":"https:\/\/www.nutritionetsante.com\/es\/#\/schema\/logo\/image\/","url":"https:\/\/www.nutritionetsante.com\/wp-content\/uploads\/2022\/04\/logo-ns.svg","contentUrl":"https:\/\/www.nutritionetsante.com\/wp-content\/uploads\/2022\/04\/logo-ns.svg","width":220,"height":83,"caption":"Nutrition & Sant\u00e9"},"image":{"@id":"https:\/\/www.nutritionetsante.com\/es\/#\/schema\/logo\/image\/"},"sameAs":["https:\/\/www.linkedin.com\/company\/nutrition-&-sante\/"]},{"@type":"Person","@id":"https:\/\/www.nutritionetsante.com\/es\/#\/schema\/person\/1dc2f995eba5eed4c3a84be26e443bef","name":"Marine ROLLO","image":{"@type":"ImageObject","inLanguage":"es","@id":"https:\/\/secure.gravatar.com\/avatar\/7e4e89a0e0eaceb832b319265772df91b804eaa08ce7cc0620f7f28508859b31?s=96&d=mm&r=g","url":"https:\/\/secure.gravatar.com\/avatar\/7e4e89a0e0eaceb832b319265772df91b804eaa08ce7cc0620f7f28508859b31?s=96&d=mm&r=g","contentUrl":"https:\/\/secure.gravatar.com\/avatar\/7e4e89a0e0eaceb832b319265772df91b804eaa08ce7cc0620f7f28508859b31?s=96&d=mm&r=g","caption":"Marine ROLLO"},"sameAs":["https:\/\/www.nutritionetsante.com"],"url":"https:\/\/www.nutritionetsante.com\/es\/author\/mrollo\/"}]}},"_links":{"self":[{"href":"https:\/\/www.nutritionetsante.com\/es\/wp-json\/wp\/v2\/posts\/12515","targetHints":{"allow":["GET"]}}],"collection":[{"href":"https:\/\/www.nutritionetsante.com\/es\/wp-json\/wp\/v2\/posts"}],"about":[{"href":"https:\/\/www.nutritionetsante.com\/es\/wp-json\/wp\/v2\/types\/post"}],"author":[{"embeddable":true,"href":"https:\/\/www.nutritionetsante.com\/es\/wp-json\/wp\/v2\/users\/17"}],"replies":[{"embeddable":true,"href":"https:\/\/www.nutritionetsante.com\/es\/wp-json\/wp\/v2\/comments?post=12515"}],"version-history":[{"count":1,"href":"https:\/\/www.nutritionetsante.com\/es\/wp-json\/wp\/v2\/posts\/12515\/revisions"}],"predecessor-version":[{"id":12516,"href":"https:\/\/www.nutritionetsante.com\/es\/wp-json\/wp\/v2\/posts\/12515\/revisions\/12516"}],"wp:featuredmedia":[{"embeddable":true,"href":"https:\/\/www.nutritionetsante.com\/es\/wp-json\/wp\/v2\/media\/12514"}],"wp:attachment":[{"href":"https:\/\/www.nutritionetsante.com\/es\/wp-json\/wp\/v2\/media?parent=12515"}],"wp:term":[{"taxonomy":"category","embeddable":true,"href":"https:\/\/www.nutritionetsante.com\/es\/wp-json\/wp\/v2\/categories?post=12515"},{"taxonomy":"post_tag","embeddable":true,"href":"https:\/\/www.nutritionetsante.com\/es\/wp-json\/wp\/v2\/tags?post=12515"}],"curies":[{"name":"wp","href":"https:\/\/api.w.org\/{rel}","templated":true}]}}