{"id":12509,"date":"2026-03-08T09:22:38","date_gmt":"2026-03-08T08:22:38","guid":{"rendered":"https:\/\/www.nutritionetsante.com\/nuestras-empleadas-en-el-punto-de-mira-por-el-dia-internacional-de-los-derechos-de-la-mujer\/"},"modified":"2026-04-28T09:23:14","modified_gmt":"2026-04-28T07:23:14","slug":"nuestras-empleadas-en-el-punto-de-mira-por-el-dia-internacional-de-los-derechos-de-la-mujer","status":"publish","type":"post","link":"https:\/\/www.nutritionetsante.com\/es\/nuestras-empleadas-en-el-punto-de-mira-por-el-dia-internacional-de-los-derechos-de-la-mujer\/","title":{"rendered":"Nuestras empleadas en el punto de mira por el D\u00eda Internacional de los Derechos de la Mujer"},"content":{"rendered":"\n<p>En el D\u00eda Internacional de los Derechos de la Mujer, celebramos a las mujeres de Nutrition &amp; Sant\u00e9 que, cada d\u00eda, ayudan a hacer crecer nuestro negocio e impulsan nuestras ambiciones.<br\/><br\/>Su experiencia, su trayectoria profesional y su determinaci\u00f3n son ejemplos concretos de nuestro compromiso con la igualdad de oportunidades y la paridad.<br\/><br\/>Este compromiso se refleja en resultados tangibles:<br\/>&#x27a1;&#xfe0f; Paridad 50\/50 entre mujeres y hombres en puestos directivos.<br\/>&#x27a1;&#xfe0f; El 42% de nuestro Comit\u00e9 de Direcci\u00f3n est\u00e1 formado por mujeres, y esta cifra ha aumentado de forma constante en los \u00faltimos a\u00f1os.<br\/><br\/>Adem\u00e1s de los indicadores, nuestro enfoque se basa en una din\u00e1mica colectiva:<br\/>&#x2728; Promover una cultura de gesti\u00f3n inclusiva y responsable.<br\/>&#x1f4da; Invertir en el desarrollo de competencias y el liderazgo femenino.<br\/>&#x1f504; Garantizar procesos de contrataci\u00f3n y desarrollo profesional justos.<br\/>&#x1f4ac; Animar a la gente a hablar, escuchar y obtener una diversidad de perspectivas.<br\/><br\/>Convencidos de que el progreso social lo construyen mujeres y hombres trabajando juntos, y de que la diversidad es una palanca para la innovaci\u00f3n y el rendimiento sostenible, hemos situado la inclusi\u00f3n en el centro de nuestra estrategia, nuestra misi\u00f3n y nuestra gobernanza.<br\/><br\/>Esta semana, destacamos a las mujeres cuyo compromiso y talento est\u00e1n dando forma a nuestro \u00e9xito colectivo.<\/p>\n","protected":false},"excerpt":{"rendered":"<p>En el D\u00eda Internacional de los Derechos de la Mujer, celebramos a las mujeres de Nutrition &amp; Sant\u00e9 que, cada d\u00eda, ayudan a hacer crecer nuestro negocio e impulsan nuestras ambiciones. Su experiencia, su trayectoria profesional y su determinaci\u00f3n son ejemplos concretos de nuestro compromiso con la igualdad de oportunidades y la paridad. Este compromiso [&hellip;]<\/p>\n","protected":false},"author":17,"featured_media":12508,"comment_status":"closed","ping_status":"closed","sticky":false,"template":"","format":"standard","meta":{"_acf_changed":false,"inline_featured_image":false,"footnotes":""},"categories":[19],"tags":[],"class_list":["post-12509","post","type-post","status-publish","format-standard","has-post-thumbnail","hentry","category-sin-categorizar"],"acf":[],"yoast_head":"<!-- This site is optimized with the Yoast SEO plugin v27.2 - https:\/\/yoast.com\/product\/yoast-seo-wordpress\/ -->\n<title>Nuestras empleadas en el punto de mira por el D\u00eda Internacional de los Derechos de la Mujer - Nutrition &amp; Sant\u00e9<\/title>\n<meta name=\"robots\" content=\"index, follow, max-snippet:-1, max-image-preview:large, max-video-preview:-1\" \/>\n<link rel=\"canonical\" href=\"https:\/\/www.nutritionetsante.com\/es\/nuestras-empleadas-en-el-punto-de-mira-por-el-dia-internacional-de-los-derechos-de-la-mujer\/\" \/>\n<meta property=\"og:locale\" content=\"es_ES\" \/>\n<meta property=\"og:type\" content=\"article\" \/>\n<meta property=\"og:title\" content=\"Nuestras empleadas en el punto de mira por el D\u00eda Internacional de los Derechos de la Mujer - Nutrition &amp; Sant\u00e9\" \/>\n<meta property=\"og:description\" content=\"En el D\u00eda Internacional de los Derechos de la Mujer, celebramos a las mujeres de Nutrition &amp; Sant\u00e9 que, cada d\u00eda, ayudan a hacer crecer nuestro negocio e impulsan nuestras ambiciones. Su experiencia, su trayectoria profesional y su determinaci\u00f3n son ejemplos concretos de nuestro compromiso con la igualdad de oportunidades y la paridad. Este compromiso [&hellip;]\" \/>\n<meta property=\"og:url\" content=\"https:\/\/www.nutritionetsante.com\/es\/nuestras-empleadas-en-el-punto-de-mira-por-el-dia-internacional-de-los-derechos-de-la-mujer\/\" \/>\n<meta property=\"og:site_name\" content=\"Nutrition &amp; Sant\u00e9\" \/>\n<meta property=\"article:published_time\" content=\"2026-03-08T08:22:38+00:00\" \/>\n<meta property=\"article:modified_time\" content=\"2026-04-28T07:23:14+00:00\" \/>\n<meta property=\"og:image\" content=\"https:\/\/www.nutritionetsante.com\/wp-content\/uploads\/2026\/03\/IWD.png\" \/>\n\t<meta property=\"og:image:width\" content=\"1200\" \/>\n\t<meta property=\"og:image:height\" content=\"1200\" \/>\n\t<meta property=\"og:image:type\" content=\"image\/png\" \/>\n<meta name=\"author\" content=\"Marine ROLLO\" \/>\n<meta name=\"twitter:card\" content=\"summary_large_image\" \/>\n<meta name=\"twitter:label1\" content=\"Escrito por\" \/>\n\t<meta name=\"twitter:data1\" content=\"Marine ROLLO\" \/>\n\t<meta name=\"twitter:label2\" content=\"Tiempo de lectura\" \/>\n\t<meta name=\"twitter:data2\" content=\"1 minuto\" \/>\n<script type=\"application\/ld+json\" class=\"yoast-schema-graph\">{\"@context\":\"https:\/\/schema.org\",\"@graph\":[{\"@type\":\"Article\",\"@id\":\"https:\/\/www.nutritionetsante.com\/es\/nuestras-empleadas-en-el-punto-de-mira-por-el-dia-internacional-de-los-derechos-de-la-mujer\/#article\",\"isPartOf\":{\"@id\":\"https:\/\/www.nutritionetsante.com\/es\/nuestras-empleadas-en-el-punto-de-mira-por-el-dia-internacional-de-los-derechos-de-la-mujer\/\"},\"author\":{\"name\":\"Marine ROLLO\",\"@id\":\"https:\/\/www.nutritionetsante.com\/es\/#\/schema\/person\/1dc2f995eba5eed4c3a84be26e443bef\"},\"headline\":\"Nuestras empleadas en el punto de mira por el D\u00eda Internacional de los Derechos de la Mujer\",\"datePublished\":\"2026-03-08T08:22:38+00:00\",\"dateModified\":\"2026-04-28T07:23:14+00:00\",\"mainEntityOfPage\":{\"@id\":\"https:\/\/www.nutritionetsante.com\/es\/nuestras-empleadas-en-el-punto-de-mira-por-el-dia-internacional-de-los-derechos-de-la-mujer\/\"},\"wordCount\":249,\"publisher\":{\"@id\":\"https:\/\/www.nutritionetsante.com\/es\/#organization\"},\"image\":{\"@id\":\"https:\/\/www.nutritionetsante.com\/es\/nuestras-empleadas-en-el-punto-de-mira-por-el-dia-internacional-de-los-derechos-de-la-mujer\/#primaryimage\"},\"thumbnailUrl\":\"https:\/\/www.nutritionetsante.com\/wp-content\/uploads\/2026\/03\/IWD.png\",\"articleSection\":[\"Sin categorizar\"],\"inLanguage\":\"es\"},{\"@type\":\"WebPage\",\"@id\":\"https:\/\/www.nutritionetsante.com\/es\/nuestras-empleadas-en-el-punto-de-mira-por-el-dia-internacional-de-los-derechos-de-la-mujer\/\",\"url\":\"https:\/\/www.nutritionetsante.com\/es\/nuestras-empleadas-en-el-punto-de-mira-por-el-dia-internacional-de-los-derechos-de-la-mujer\/\",\"name\":\"Nuestras empleadas en el punto de mira por el D\u00eda Internacional de los Derechos de la Mujer - Nutrition &amp; Sant\u00e9\",\"isPartOf\":{\"@id\":\"https:\/\/www.nutritionetsante.com\/es\/#website\"},\"primaryImageOfPage\":{\"@id\":\"https:\/\/www.nutritionetsante.com\/es\/nuestras-empleadas-en-el-punto-de-mira-por-el-dia-internacional-de-los-derechos-de-la-mujer\/#primaryimage\"},\"image\":{\"@id\":\"https:\/\/www.nutritionetsante.com\/es\/nuestras-empleadas-en-el-punto-de-mira-por-el-dia-internacional-de-los-derechos-de-la-mujer\/#primaryimage\"},\"thumbnailUrl\":\"https:\/\/www.nutritionetsante.com\/wp-content\/uploads\/2026\/03\/IWD.png\",\"datePublished\":\"2026-03-08T08:22:38+00:00\",\"dateModified\":\"2026-04-28T07:23:14+00:00\",\"breadcrumb\":{\"@id\":\"https:\/\/www.nutritionetsante.com\/es\/nuestras-empleadas-en-el-punto-de-mira-por-el-dia-internacional-de-los-derechos-de-la-mujer\/#breadcrumb\"},\"inLanguage\":\"es\",\"potentialAction\":[{\"@type\":\"ReadAction\",\"target\":[\"https:\/\/www.nutritionetsante.com\/es\/nuestras-empleadas-en-el-punto-de-mira-por-el-dia-internacional-de-los-derechos-de-la-mujer\/\"]}]},{\"@type\":\"ImageObject\",\"inLanguage\":\"es\",\"@id\":\"https:\/\/www.nutritionetsante.com\/es\/nuestras-empleadas-en-el-punto-de-mira-por-el-dia-internacional-de-los-derechos-de-la-mujer\/#primaryimage\",\"url\":\"https:\/\/www.nutritionetsante.com\/wp-content\/uploads\/2026\/03\/IWD.png\",\"contentUrl\":\"https:\/\/www.nutritionetsante.com\/wp-content\/uploads\/2026\/03\/IWD.png\",\"width\":1200,\"height\":1200},{\"@type\":\"BreadcrumbList\",\"@id\":\"https:\/\/www.nutritionetsante.com\/es\/nuestras-empleadas-en-el-punto-de-mira-por-el-dia-internacional-de-los-derechos-de-la-mujer\/#breadcrumb\",\"itemListElement\":[{\"@type\":\"ListItem\",\"position\":1,\"name\":\"Accueil\",\"item\":\"https:\/\/www.nutritionetsante.com\/es\/\"},{\"@type\":\"ListItem\",\"position\":2,\"name\":\"Nuestras empleadas en el punto de mira por el D\u00eda Internacional de los Derechos de la Mujer\"}]},{\"@type\":\"WebSite\",\"@id\":\"https:\/\/www.nutritionetsante.com\/es\/#website\",\"url\":\"https:\/\/www.nutritionetsante.com\/es\/\",\"name\":\"Nutrition & Sant\u00e9\",\"description\":\"Leader de l\u2019alimentation di\u00e9t\u00e9tique et biologique en Europe\",\"publisher\":{\"@id\":\"https:\/\/www.nutritionetsante.com\/es\/#organization\"},\"potentialAction\":[{\"@type\":\"SearchAction\",\"target\":{\"@type\":\"EntryPoint\",\"urlTemplate\":\"https:\/\/www.nutritionetsante.com\/es\/?s={search_term_string}\"},\"query-input\":{\"@type\":\"PropertyValueSpecification\",\"valueRequired\":true,\"valueName\":\"search_term_string\"}}],\"inLanguage\":\"es\"},{\"@type\":\"Organization\",\"@id\":\"https:\/\/www.nutritionetsante.com\/es\/#organization\",\"name\":\"Nutrition & Sant\u00e9\",\"url\":\"https:\/\/www.nutritionetsante.com\/es\/\",\"logo\":{\"@type\":\"ImageObject\",\"inLanguage\":\"es\",\"@id\":\"https:\/\/www.nutritionetsante.com\/es\/#\/schema\/logo\/image\/\",\"url\":\"https:\/\/www.nutritionetsante.com\/wp-content\/uploads\/2022\/04\/logo-ns.svg\",\"contentUrl\":\"https:\/\/www.nutritionetsante.com\/wp-content\/uploads\/2022\/04\/logo-ns.svg\",\"width\":220,\"height\":83,\"caption\":\"Nutrition & Sant\u00e9\"},\"image\":{\"@id\":\"https:\/\/www.nutritionetsante.com\/es\/#\/schema\/logo\/image\/\"},\"sameAs\":[\"https:\/\/www.linkedin.com\/company\/nutrition-&-sante\/\"]},{\"@type\":\"Person\",\"@id\":\"https:\/\/www.nutritionetsante.com\/es\/#\/schema\/person\/1dc2f995eba5eed4c3a84be26e443bef\",\"name\":\"Marine ROLLO\",\"image\":{\"@type\":\"ImageObject\",\"inLanguage\":\"es\",\"@id\":\"https:\/\/secure.gravatar.com\/avatar\/7e4e89a0e0eaceb832b319265772df91b804eaa08ce7cc0620f7f28508859b31?s=96&d=mm&r=g\",\"url\":\"https:\/\/secure.gravatar.com\/avatar\/7e4e89a0e0eaceb832b319265772df91b804eaa08ce7cc0620f7f28508859b31?s=96&d=mm&r=g\",\"contentUrl\":\"https:\/\/secure.gravatar.com\/avatar\/7e4e89a0e0eaceb832b319265772df91b804eaa08ce7cc0620f7f28508859b31?s=96&d=mm&r=g\",\"caption\":\"Marine ROLLO\"},\"sameAs\":[\"https:\/\/www.nutritionetsante.com\"],\"url\":\"https:\/\/www.nutritionetsante.com\/es\/author\/mrollo\/\"}]}<\/script>\n<!-- \/ Yoast SEO plugin. -->","yoast_head_json":{"title":"Nuestras empleadas en el punto de mira por el D\u00eda Internacional de los Derechos de la Mujer - Nutrition &amp; Sant\u00e9","robots":{"index":"index","follow":"follow","max-snippet":"max-snippet:-1","max-image-preview":"max-image-preview:large","max-video-preview":"max-video-preview:-1"},"canonical":"https:\/\/www.nutritionetsante.com\/es\/nuestras-empleadas-en-el-punto-de-mira-por-el-dia-internacional-de-los-derechos-de-la-mujer\/","og_locale":"es_ES","og_type":"article","og_title":"Nuestras empleadas en el punto de mira por el D\u00eda Internacional de los Derechos de la Mujer - Nutrition &amp; Sant\u00e9","og_description":"En el D\u00eda Internacional de los Derechos de la Mujer, celebramos a las mujeres de Nutrition &amp; Sant\u00e9 que, cada d\u00eda, ayudan a hacer crecer nuestro negocio e impulsan nuestras ambiciones. Su experiencia, su trayectoria profesional y su determinaci\u00f3n son ejemplos concretos de nuestro compromiso con la igualdad de oportunidades y la paridad. Este compromiso [&hellip;]","og_url":"https:\/\/www.nutritionetsante.com\/es\/nuestras-empleadas-en-el-punto-de-mira-por-el-dia-internacional-de-los-derechos-de-la-mujer\/","og_site_name":"Nutrition &amp; Sant\u00e9","article_published_time":"2026-03-08T08:22:38+00:00","article_modified_time":"2026-04-28T07:23:14+00:00","og_image":[{"width":1200,"height":1200,"url":"https:\/\/www.nutritionetsante.com\/wp-content\/uploads\/2026\/03\/IWD.png","type":"image\/png"}],"author":"Marine ROLLO","twitter_card":"summary_large_image","twitter_misc":{"Escrito por":"Marine ROLLO","Tiempo de lectura":"1 minuto"},"schema":{"@context":"https:\/\/schema.org","@graph":[{"@type":"Article","@id":"https:\/\/www.nutritionetsante.com\/es\/nuestras-empleadas-en-el-punto-de-mira-por-el-dia-internacional-de-los-derechos-de-la-mujer\/#article","isPartOf":{"@id":"https:\/\/www.nutritionetsante.com\/es\/nuestras-empleadas-en-el-punto-de-mira-por-el-dia-internacional-de-los-derechos-de-la-mujer\/"},"author":{"name":"Marine ROLLO","@id":"https:\/\/www.nutritionetsante.com\/es\/#\/schema\/person\/1dc2f995eba5eed4c3a84be26e443bef"},"headline":"Nuestras empleadas en el punto de mira por el D\u00eda Internacional de los Derechos de la Mujer","datePublished":"2026-03-08T08:22:38+00:00","dateModified":"2026-04-28T07:23:14+00:00","mainEntityOfPage":{"@id":"https:\/\/www.nutritionetsante.com\/es\/nuestras-empleadas-en-el-punto-de-mira-por-el-dia-internacional-de-los-derechos-de-la-mujer\/"},"wordCount":249,"publisher":{"@id":"https:\/\/www.nutritionetsante.com\/es\/#organization"},"image":{"@id":"https:\/\/www.nutritionetsante.com\/es\/nuestras-empleadas-en-el-punto-de-mira-por-el-dia-internacional-de-los-derechos-de-la-mujer\/#primaryimage"},"thumbnailUrl":"https:\/\/www.nutritionetsante.com\/wp-content\/uploads\/2026\/03\/IWD.png","articleSection":["Sin categorizar"],"inLanguage":"es"},{"@type":"WebPage","@id":"https:\/\/www.nutritionetsante.com\/es\/nuestras-empleadas-en-el-punto-de-mira-por-el-dia-internacional-de-los-derechos-de-la-mujer\/","url":"https:\/\/www.nutritionetsante.com\/es\/nuestras-empleadas-en-el-punto-de-mira-por-el-dia-internacional-de-los-derechos-de-la-mujer\/","name":"Nuestras empleadas en el punto de mira por el D\u00eda Internacional de los Derechos de la Mujer - Nutrition &amp; Sant\u00e9","isPartOf":{"@id":"https:\/\/www.nutritionetsante.com\/es\/#website"},"primaryImageOfPage":{"@id":"https:\/\/www.nutritionetsante.com\/es\/nuestras-empleadas-en-el-punto-de-mira-por-el-dia-internacional-de-los-derechos-de-la-mujer\/#primaryimage"},"image":{"@id":"https:\/\/www.nutritionetsante.com\/es\/nuestras-empleadas-en-el-punto-de-mira-por-el-dia-internacional-de-los-derechos-de-la-mujer\/#primaryimage"},"thumbnailUrl":"https:\/\/www.nutritionetsante.com\/wp-content\/uploads\/2026\/03\/IWD.png","datePublished":"2026-03-08T08:22:38+00:00","dateModified":"2026-04-28T07:23:14+00:00","breadcrumb":{"@id":"https:\/\/www.nutritionetsante.com\/es\/nuestras-empleadas-en-el-punto-de-mira-por-el-dia-internacional-de-los-derechos-de-la-mujer\/#breadcrumb"},"inLanguage":"es","potentialAction":[{"@type":"ReadAction","target":["https:\/\/www.nutritionetsante.com\/es\/nuestras-empleadas-en-el-punto-de-mira-por-el-dia-internacional-de-los-derechos-de-la-mujer\/"]}]},{"@type":"ImageObject","inLanguage":"es","@id":"https:\/\/www.nutritionetsante.com\/es\/nuestras-empleadas-en-el-punto-de-mira-por-el-dia-internacional-de-los-derechos-de-la-mujer\/#primaryimage","url":"https:\/\/www.nutritionetsante.com\/wp-content\/uploads\/2026\/03\/IWD.png","contentUrl":"https:\/\/www.nutritionetsante.com\/wp-content\/uploads\/2026\/03\/IWD.png","width":1200,"height":1200},{"@type":"BreadcrumbList","@id":"https:\/\/www.nutritionetsante.com\/es\/nuestras-empleadas-en-el-punto-de-mira-por-el-dia-internacional-de-los-derechos-de-la-mujer\/#breadcrumb","itemListElement":[{"@type":"ListItem","position":1,"name":"Accueil","item":"https:\/\/www.nutritionetsante.com\/es\/"},{"@type":"ListItem","position":2,"name":"Nuestras empleadas en el punto de mira por el D\u00eda Internacional de los Derechos de la Mujer"}]},{"@type":"WebSite","@id":"https:\/\/www.nutritionetsante.com\/es\/#website","url":"https:\/\/www.nutritionetsante.com\/es\/","name":"Nutrition & Sant\u00e9","description":"Leader de l\u2019alimentation di\u00e9t\u00e9tique et biologique en Europe","publisher":{"@id":"https:\/\/www.nutritionetsante.com\/es\/#organization"},"potentialAction":[{"@type":"SearchAction","target":{"@type":"EntryPoint","urlTemplate":"https:\/\/www.nutritionetsante.com\/es\/?s={search_term_string}"},"query-input":{"@type":"PropertyValueSpecification","valueRequired":true,"valueName":"search_term_string"}}],"inLanguage":"es"},{"@type":"Organization","@id":"https:\/\/www.nutritionetsante.com\/es\/#organization","name":"Nutrition & Sant\u00e9","url":"https:\/\/www.nutritionetsante.com\/es\/","logo":{"@type":"ImageObject","inLanguage":"es","@id":"https:\/\/www.nutritionetsante.com\/es\/#\/schema\/logo\/image\/","url":"https:\/\/www.nutritionetsante.com\/wp-content\/uploads\/2022\/04\/logo-ns.svg","contentUrl":"https:\/\/www.nutritionetsante.com\/wp-content\/uploads\/2022\/04\/logo-ns.svg","width":220,"height":83,"caption":"Nutrition & Sant\u00e9"},"image":{"@id":"https:\/\/www.nutritionetsante.com\/es\/#\/schema\/logo\/image\/"},"sameAs":["https:\/\/www.linkedin.com\/company\/nutrition-&-sante\/"]},{"@type":"Person","@id":"https:\/\/www.nutritionetsante.com\/es\/#\/schema\/person\/1dc2f995eba5eed4c3a84be26e443bef","name":"Marine ROLLO","image":{"@type":"ImageObject","inLanguage":"es","@id":"https:\/\/secure.gravatar.com\/avatar\/7e4e89a0e0eaceb832b319265772df91b804eaa08ce7cc0620f7f28508859b31?s=96&d=mm&r=g","url":"https:\/\/secure.gravatar.com\/avatar\/7e4e89a0e0eaceb832b319265772df91b804eaa08ce7cc0620f7f28508859b31?s=96&d=mm&r=g","contentUrl":"https:\/\/secure.gravatar.com\/avatar\/7e4e89a0e0eaceb832b319265772df91b804eaa08ce7cc0620f7f28508859b31?s=96&d=mm&r=g","caption":"Marine ROLLO"},"sameAs":["https:\/\/www.nutritionetsante.com"],"url":"https:\/\/www.nutritionetsante.com\/es\/author\/mrollo\/"}]}},"_links":{"self":[{"href":"https:\/\/www.nutritionetsante.com\/es\/wp-json\/wp\/v2\/posts\/12509","targetHints":{"allow":["GET"]}}],"collection":[{"href":"https:\/\/www.nutritionetsante.com\/es\/wp-json\/wp\/v2\/posts"}],"about":[{"href":"https:\/\/www.nutritionetsante.com\/es\/wp-json\/wp\/v2\/types\/post"}],"author":[{"embeddable":true,"href":"https:\/\/www.nutritionetsante.com\/es\/wp-json\/wp\/v2\/users\/17"}],"replies":[{"embeddable":true,"href":"https:\/\/www.nutritionetsante.com\/es\/wp-json\/wp\/v2\/comments?post=12509"}],"version-history":[{"count":1,"href":"https:\/\/www.nutritionetsante.com\/es\/wp-json\/wp\/v2\/posts\/12509\/revisions"}],"predecessor-version":[{"id":12510,"href":"https:\/\/www.nutritionetsante.com\/es\/wp-json\/wp\/v2\/posts\/12509\/revisions\/12510"}],"wp:featuredmedia":[{"embeddable":true,"href":"https:\/\/www.nutritionetsante.com\/es\/wp-json\/wp\/v2\/media\/12508"}],"wp:attachment":[{"href":"https:\/\/www.nutritionetsante.com\/es\/wp-json\/wp\/v2\/media?parent=12509"}],"wp:term":[{"taxonomy":"category","embeddable":true,"href":"https:\/\/www.nutritionetsante.com\/es\/wp-json\/wp\/v2\/categories?post=12509"},{"taxonomy":"post_tag","embeddable":true,"href":"https:\/\/www.nutritionetsante.com\/es\/wp-json\/wp\/v2\/tags?post=12509"}],"curies":[{"name":"wp","href":"https:\/\/api.w.org\/{rel}","templated":true}]}}