{"id":12512,"date":"2025-12-23T09:31:53","date_gmt":"2025-12-23T08:31:53","guid":{"rendered":"https:\/\/www.nutritionetsante.com\/appointment-of-our-new-group-administrative-and-financial-director-sebastien-bary\/"},"modified":"2026-04-28T09:57:36","modified_gmt":"2026-04-28T07:57:36","slug":"appointment-of-our-new-group-administrative-and-financial-director-sebastien-bary","status":"publish","type":"post","link":"https:\/\/www.nutritionetsante.com\/en\/appointment-of-our-new-group-administrative-and-financial-director-sebastien-bary\/","title":{"rendered":"Appointment of our new Group Administrative and Financial Director, Sebastien Bary!"},"content":{"rendered":"\n<p>After 10 years in Management Control at Nutrition &amp; Sant\u00e9, S\u00e9bastien Bary was appointed Chief Financial Officer of Nutrition &amp; Sant\u00e9 Iberia in 2012, where he contributed to the acquisition and integration of Bicentury, now the leading Nutrition &amp; Wellness brand in Spain.<br\/><br\/>With 25 years&#8217; experience within the Nutrition et Sant\u00e9 Group, S\u00e9bastien will use his in-depth knowledge of the organization and his expertise in his new role to:<br\/>&#x27a1;&#xfe0f; contribute to Nutrition et Sant\u00e9&#8217;s growth plan,<br\/>&#x27a1;&#xfe0f; steer a structuring project to transform systems and integrated governance,<br\/>&#x27a1;&#xfe0f; support the Group&#8217;s merger-acquisition strategy.<br\/><br\/>\u201cI am grateful for the trust placed in me and very honored to take on these new responsibilities within Nutrition et Sant\u00e9. Deeply committed to its values of proximity, pragmatism, and engagement, I will dedicate all my expertise to serving the Group\u2019s sustainable growth.\u201d <a href=\"https:\/\/www.linkedin.com\/in\/sebastien-bary\/\">Sebastien Bary <\/a><br\/><br\/>Our warmest congratulations to S\u00e9bastien on this new milestone!<\/p>\n","protected":false},"excerpt":{"rendered":"<p>After 10 years in Management Control at Nutrition &amp; Sant\u00e9, S\u00e9bastien Bary was appointed Chief Financial Officer of Nutrition &amp; Sant\u00e9 Iberia in 2012, where he contributed to the acquisition and integration of Bicentury, now the leading Nutrition &amp; Wellness brand in Spain. With 25 years&#8217; experience within the Nutrition et Sant\u00e9 Group, S\u00e9bastien will [&hellip;]<\/p>\n","protected":false},"author":17,"featured_media":12511,"comment_status":"closed","ping_status":"closed","sticky":false,"template":"","format":"standard","meta":{"_acf_changed":false,"inline_featured_image":false,"footnotes":""},"categories":[18],"tags":[],"class_list":["post-12512","post","type-post","status-publish","format-standard","has-post-thumbnail","hentry","category-uncategorized"],"acf":[],"yoast_head":"<!-- This site is optimized with the Yoast SEO plugin v27.2 - https:\/\/yoast.com\/product\/yoast-seo-wordpress\/ -->\n<title>Appointment of our new Group Administrative and Financial Director, Sebastien Bary! - Nutrition &amp; Sant\u00e9<\/title>\n<meta name=\"robots\" content=\"index, follow, max-snippet:-1, max-image-preview:large, max-video-preview:-1\" \/>\n<link rel=\"canonical\" href=\"https:\/\/www.nutritionetsante.com\/en\/appointment-of-our-new-group-administrative-and-financial-director-sebastien-bary\/\" \/>\n<meta property=\"og:locale\" content=\"en_US\" \/>\n<meta property=\"og:type\" content=\"article\" \/>\n<meta property=\"og:title\" content=\"Appointment of our new Group Administrative and Financial Director, Sebastien Bary! - Nutrition &amp; Sant\u00e9\" \/>\n<meta property=\"og:description\" content=\"After 10 years in Management Control at Nutrition &amp; Sant\u00e9, S\u00e9bastien Bary was appointed Chief Financial Officer of Nutrition &amp; Sant\u00e9 Iberia in 2012, where he contributed to the acquisition and integration of Bicentury, now the leading Nutrition &amp; Wellness brand in Spain. With 25 years&#8217; experience within the Nutrition et Sant\u00e9 Group, S\u00e9bastien will [&hellip;]\" \/>\n<meta property=\"og:url\" content=\"https:\/\/www.nutritionetsante.com\/en\/appointment-of-our-new-group-administrative-and-financial-director-sebastien-bary\/\" \/>\n<meta property=\"og:site_name\" content=\"Nutrition &amp; Sant\u00e9\" \/>\n<meta property=\"article:published_time\" content=\"2025-12-23T08:31:53+00:00\" \/>\n<meta property=\"article:modified_time\" content=\"2026-04-28T07:57:36+00:00\" \/>\n<meta property=\"og:image\" content=\"https:\/\/www.nutritionetsante.com\/wp-content\/uploads\/2026\/03\/SEB-BARY-PORTRAIT.png\" \/>\n\t<meta property=\"og:image:width\" content=\"1333\" \/>\n\t<meta property=\"og:image:height\" content=\"1333\" \/>\n\t<meta property=\"og:image:type\" content=\"image\/png\" \/>\n<meta name=\"author\" content=\"Marine ROLLO\" \/>\n<meta name=\"twitter:card\" content=\"summary_large_image\" \/>\n<meta name=\"twitter:label1\" content=\"Written by\" \/>\n\t<meta name=\"twitter:data1\" content=\"Marine ROLLO\" \/>\n\t<meta name=\"twitter:label2\" content=\"Est. reading time\" \/>\n\t<meta name=\"twitter:data2\" content=\"1 minute\" \/>\n<script type=\"application\/ld+json\" class=\"yoast-schema-graph\">{\"@context\":\"https:\/\/schema.org\",\"@graph\":[{\"@type\":\"Article\",\"@id\":\"https:\/\/www.nutritionetsante.com\/en\/appointment-of-our-new-group-administrative-and-financial-director-sebastien-bary\/#article\",\"isPartOf\":{\"@id\":\"https:\/\/www.nutritionetsante.com\/en\/appointment-of-our-new-group-administrative-and-financial-director-sebastien-bary\/\"},\"author\":{\"name\":\"Marine ROLLO\",\"@id\":\"https:\/\/www.nutritionetsante.com\/en\/#\/schema\/person\/1dc2f995eba5eed4c3a84be26e443bef\"},\"headline\":\"Appointment of our new Group Administrative and Financial Director, Sebastien Bary!\",\"datePublished\":\"2025-12-23T08:31:53+00:00\",\"dateModified\":\"2026-04-28T07:57:36+00:00\",\"mainEntityOfPage\":{\"@id\":\"https:\/\/www.nutritionetsante.com\/en\/appointment-of-our-new-group-administrative-and-financial-director-sebastien-bary\/\"},\"wordCount\":173,\"publisher\":{\"@id\":\"https:\/\/www.nutritionetsante.com\/en\/#organization\"},\"image\":{\"@id\":\"https:\/\/www.nutritionetsante.com\/en\/appointment-of-our-new-group-administrative-and-financial-director-sebastien-bary\/#primaryimage\"},\"thumbnailUrl\":\"https:\/\/www.nutritionetsante.com\/wp-content\/uploads\/2026\/03\/SEB-BARY-PORTRAIT.png\",\"inLanguage\":\"en-US\"},{\"@type\":\"WebPage\",\"@id\":\"https:\/\/www.nutritionetsante.com\/en\/appointment-of-our-new-group-administrative-and-financial-director-sebastien-bary\/\",\"url\":\"https:\/\/www.nutritionetsante.com\/en\/appointment-of-our-new-group-administrative-and-financial-director-sebastien-bary\/\",\"name\":\"Appointment of our new Group Administrative and Financial Director, Sebastien Bary! - Nutrition &amp; Sant\u00e9\",\"isPartOf\":{\"@id\":\"https:\/\/www.nutritionetsante.com\/en\/#website\"},\"primaryImageOfPage\":{\"@id\":\"https:\/\/www.nutritionetsante.com\/en\/appointment-of-our-new-group-administrative-and-financial-director-sebastien-bary\/#primaryimage\"},\"image\":{\"@id\":\"https:\/\/www.nutritionetsante.com\/en\/appointment-of-our-new-group-administrative-and-financial-director-sebastien-bary\/#primaryimage\"},\"thumbnailUrl\":\"https:\/\/www.nutritionetsante.com\/wp-content\/uploads\/2026\/03\/SEB-BARY-PORTRAIT.png\",\"datePublished\":\"2025-12-23T08:31:53+00:00\",\"dateModified\":\"2026-04-28T07:57:36+00:00\",\"breadcrumb\":{\"@id\":\"https:\/\/www.nutritionetsante.com\/en\/appointment-of-our-new-group-administrative-and-financial-director-sebastien-bary\/#breadcrumb\"},\"inLanguage\":\"en-US\",\"potentialAction\":[{\"@type\":\"ReadAction\",\"target\":[\"https:\/\/www.nutritionetsante.com\/en\/appointment-of-our-new-group-administrative-and-financial-director-sebastien-bary\/\"]}]},{\"@type\":\"ImageObject\",\"inLanguage\":\"en-US\",\"@id\":\"https:\/\/www.nutritionetsante.com\/en\/appointment-of-our-new-group-administrative-and-financial-director-sebastien-bary\/#primaryimage\",\"url\":\"https:\/\/www.nutritionetsante.com\/wp-content\/uploads\/2026\/03\/SEB-BARY-PORTRAIT.png\",\"contentUrl\":\"https:\/\/www.nutritionetsante.com\/wp-content\/uploads\/2026\/03\/SEB-BARY-PORTRAIT.png\",\"width\":1333,\"height\":1333},{\"@type\":\"BreadcrumbList\",\"@id\":\"https:\/\/www.nutritionetsante.com\/en\/appointment-of-our-new-group-administrative-and-financial-director-sebastien-bary\/#breadcrumb\",\"itemListElement\":[{\"@type\":\"ListItem\",\"position\":1,\"name\":\"Accueil\",\"item\":\"https:\/\/www.nutritionetsante.com\/en\/\"},{\"@type\":\"ListItem\",\"position\":2,\"name\":\"Appointment of our new Group Administrative and Financial Director, Sebastien Bary!\"}]},{\"@type\":\"WebSite\",\"@id\":\"https:\/\/www.nutritionetsante.com\/en\/#website\",\"url\":\"https:\/\/www.nutritionetsante.com\/en\/\",\"name\":\"Nutrition & Sant\u00e9\",\"description\":\"Leader de l\u2019alimentation di\u00e9t\u00e9tique et biologique en Europe\",\"publisher\":{\"@id\":\"https:\/\/www.nutritionetsante.com\/en\/#organization\"},\"potentialAction\":[{\"@type\":\"SearchAction\",\"target\":{\"@type\":\"EntryPoint\",\"urlTemplate\":\"https:\/\/www.nutritionetsante.com\/en\/?s={search_term_string}\"},\"query-input\":{\"@type\":\"PropertyValueSpecification\",\"valueRequired\":true,\"valueName\":\"search_term_string\"}}],\"inLanguage\":\"en-US\"},{\"@type\":\"Organization\",\"@id\":\"https:\/\/www.nutritionetsante.com\/en\/#organization\",\"name\":\"Nutrition & Sant\u00e9\",\"url\":\"https:\/\/www.nutritionetsante.com\/en\/\",\"logo\":{\"@type\":\"ImageObject\",\"inLanguage\":\"en-US\",\"@id\":\"https:\/\/www.nutritionetsante.com\/en\/#\/schema\/logo\/image\/\",\"url\":\"https:\/\/www.nutritionetsante.com\/wp-content\/uploads\/2022\/04\/logo-ns.svg\",\"contentUrl\":\"https:\/\/www.nutritionetsante.com\/wp-content\/uploads\/2022\/04\/logo-ns.svg\",\"width\":220,\"height\":83,\"caption\":\"Nutrition & Sant\u00e9\"},\"image\":{\"@id\":\"https:\/\/www.nutritionetsante.com\/en\/#\/schema\/logo\/image\/\"},\"sameAs\":[\"https:\/\/www.linkedin.com\/company\/nutrition-&-sante\/\"]},{\"@type\":\"Person\",\"@id\":\"https:\/\/www.nutritionetsante.com\/en\/#\/schema\/person\/1dc2f995eba5eed4c3a84be26e443bef\",\"name\":\"Marine ROLLO\",\"image\":{\"@type\":\"ImageObject\",\"inLanguage\":\"en-US\",\"@id\":\"https:\/\/secure.gravatar.com\/avatar\/7e4e89a0e0eaceb832b319265772df91b804eaa08ce7cc0620f7f28508859b31?s=96&d=mm&r=g\",\"url\":\"https:\/\/secure.gravatar.com\/avatar\/7e4e89a0e0eaceb832b319265772df91b804eaa08ce7cc0620f7f28508859b31?s=96&d=mm&r=g\",\"contentUrl\":\"https:\/\/secure.gravatar.com\/avatar\/7e4e89a0e0eaceb832b319265772df91b804eaa08ce7cc0620f7f28508859b31?s=96&d=mm&r=g\",\"caption\":\"Marine ROLLO\"},\"sameAs\":[\"https:\/\/www.nutritionetsante.com\"],\"url\":\"https:\/\/www.nutritionetsante.com\/en\/author\/mrollo\/\"}]}<\/script>\n<!-- \/ Yoast SEO plugin. -->","yoast_head_json":{"title":"Appointment of our new Group Administrative and Financial Director, Sebastien Bary! - Nutrition &amp; Sant\u00e9","robots":{"index":"index","follow":"follow","max-snippet":"max-snippet:-1","max-image-preview":"max-image-preview:large","max-video-preview":"max-video-preview:-1"},"canonical":"https:\/\/www.nutritionetsante.com\/en\/appointment-of-our-new-group-administrative-and-financial-director-sebastien-bary\/","og_locale":"en_US","og_type":"article","og_title":"Appointment of our new Group Administrative and Financial Director, Sebastien Bary! - Nutrition &amp; Sant\u00e9","og_description":"After 10 years in Management Control at Nutrition &amp; Sant\u00e9, S\u00e9bastien Bary was appointed Chief Financial Officer of Nutrition &amp; Sant\u00e9 Iberia in 2012, where he contributed to the acquisition and integration of Bicentury, now the leading Nutrition &amp; Wellness brand in Spain. With 25 years&#8217; experience within the Nutrition et Sant\u00e9 Group, S\u00e9bastien will [&hellip;]","og_url":"https:\/\/www.nutritionetsante.com\/en\/appointment-of-our-new-group-administrative-and-financial-director-sebastien-bary\/","og_site_name":"Nutrition &amp; Sant\u00e9","article_published_time":"2025-12-23T08:31:53+00:00","article_modified_time":"2026-04-28T07:57:36+00:00","og_image":[{"width":1333,"height":1333,"url":"https:\/\/www.nutritionetsante.com\/wp-content\/uploads\/2026\/03\/SEB-BARY-PORTRAIT.png","type":"image\/png"}],"author":"Marine ROLLO","twitter_card":"summary_large_image","twitter_misc":{"Written by":"Marine ROLLO","Est. reading time":"1 minute"},"schema":{"@context":"https:\/\/schema.org","@graph":[{"@type":"Article","@id":"https:\/\/www.nutritionetsante.com\/en\/appointment-of-our-new-group-administrative-and-financial-director-sebastien-bary\/#article","isPartOf":{"@id":"https:\/\/www.nutritionetsante.com\/en\/appointment-of-our-new-group-administrative-and-financial-director-sebastien-bary\/"},"author":{"name":"Marine ROLLO","@id":"https:\/\/www.nutritionetsante.com\/en\/#\/schema\/person\/1dc2f995eba5eed4c3a84be26e443bef"},"headline":"Appointment of our new Group Administrative and Financial Director, Sebastien Bary!","datePublished":"2025-12-23T08:31:53+00:00","dateModified":"2026-04-28T07:57:36+00:00","mainEntityOfPage":{"@id":"https:\/\/www.nutritionetsante.com\/en\/appointment-of-our-new-group-administrative-and-financial-director-sebastien-bary\/"},"wordCount":173,"publisher":{"@id":"https:\/\/www.nutritionetsante.com\/en\/#organization"},"image":{"@id":"https:\/\/www.nutritionetsante.com\/en\/appointment-of-our-new-group-administrative-and-financial-director-sebastien-bary\/#primaryimage"},"thumbnailUrl":"https:\/\/www.nutritionetsante.com\/wp-content\/uploads\/2026\/03\/SEB-BARY-PORTRAIT.png","inLanguage":"en-US"},{"@type":"WebPage","@id":"https:\/\/www.nutritionetsante.com\/en\/appointment-of-our-new-group-administrative-and-financial-director-sebastien-bary\/","url":"https:\/\/www.nutritionetsante.com\/en\/appointment-of-our-new-group-administrative-and-financial-director-sebastien-bary\/","name":"Appointment of our new Group Administrative and Financial Director, Sebastien Bary! - Nutrition &amp; Sant\u00e9","isPartOf":{"@id":"https:\/\/www.nutritionetsante.com\/en\/#website"},"primaryImageOfPage":{"@id":"https:\/\/www.nutritionetsante.com\/en\/appointment-of-our-new-group-administrative-and-financial-director-sebastien-bary\/#primaryimage"},"image":{"@id":"https:\/\/www.nutritionetsante.com\/en\/appointment-of-our-new-group-administrative-and-financial-director-sebastien-bary\/#primaryimage"},"thumbnailUrl":"https:\/\/www.nutritionetsante.com\/wp-content\/uploads\/2026\/03\/SEB-BARY-PORTRAIT.png","datePublished":"2025-12-23T08:31:53+00:00","dateModified":"2026-04-28T07:57:36+00:00","breadcrumb":{"@id":"https:\/\/www.nutritionetsante.com\/en\/appointment-of-our-new-group-administrative-and-financial-director-sebastien-bary\/#breadcrumb"},"inLanguage":"en-US","potentialAction":[{"@type":"ReadAction","target":["https:\/\/www.nutritionetsante.com\/en\/appointment-of-our-new-group-administrative-and-financial-director-sebastien-bary\/"]}]},{"@type":"ImageObject","inLanguage":"en-US","@id":"https:\/\/www.nutritionetsante.com\/en\/appointment-of-our-new-group-administrative-and-financial-director-sebastien-bary\/#primaryimage","url":"https:\/\/www.nutritionetsante.com\/wp-content\/uploads\/2026\/03\/SEB-BARY-PORTRAIT.png","contentUrl":"https:\/\/www.nutritionetsante.com\/wp-content\/uploads\/2026\/03\/SEB-BARY-PORTRAIT.png","width":1333,"height":1333},{"@type":"BreadcrumbList","@id":"https:\/\/www.nutritionetsante.com\/en\/appointment-of-our-new-group-administrative-and-financial-director-sebastien-bary\/#breadcrumb","itemListElement":[{"@type":"ListItem","position":1,"name":"Accueil","item":"https:\/\/www.nutritionetsante.com\/en\/"},{"@type":"ListItem","position":2,"name":"Appointment of our new Group Administrative and Financial Director, Sebastien Bary!"}]},{"@type":"WebSite","@id":"https:\/\/www.nutritionetsante.com\/en\/#website","url":"https:\/\/www.nutritionetsante.com\/en\/","name":"Nutrition & Sant\u00e9","description":"Leader de l\u2019alimentation di\u00e9t\u00e9tique et biologique en Europe","publisher":{"@id":"https:\/\/www.nutritionetsante.com\/en\/#organization"},"potentialAction":[{"@type":"SearchAction","target":{"@type":"EntryPoint","urlTemplate":"https:\/\/www.nutritionetsante.com\/en\/?s={search_term_string}"},"query-input":{"@type":"PropertyValueSpecification","valueRequired":true,"valueName":"search_term_string"}}],"inLanguage":"en-US"},{"@type":"Organization","@id":"https:\/\/www.nutritionetsante.com\/en\/#organization","name":"Nutrition & Sant\u00e9","url":"https:\/\/www.nutritionetsante.com\/en\/","logo":{"@type":"ImageObject","inLanguage":"en-US","@id":"https:\/\/www.nutritionetsante.com\/en\/#\/schema\/logo\/image\/","url":"https:\/\/www.nutritionetsante.com\/wp-content\/uploads\/2022\/04\/logo-ns.svg","contentUrl":"https:\/\/www.nutritionetsante.com\/wp-content\/uploads\/2022\/04\/logo-ns.svg","width":220,"height":83,"caption":"Nutrition & Sant\u00e9"},"image":{"@id":"https:\/\/www.nutritionetsante.com\/en\/#\/schema\/logo\/image\/"},"sameAs":["https:\/\/www.linkedin.com\/company\/nutrition-&-sante\/"]},{"@type":"Person","@id":"https:\/\/www.nutritionetsante.com\/en\/#\/schema\/person\/1dc2f995eba5eed4c3a84be26e443bef","name":"Marine ROLLO","image":{"@type":"ImageObject","inLanguage":"en-US","@id":"https:\/\/secure.gravatar.com\/avatar\/7e4e89a0e0eaceb832b319265772df91b804eaa08ce7cc0620f7f28508859b31?s=96&d=mm&r=g","url":"https:\/\/secure.gravatar.com\/avatar\/7e4e89a0e0eaceb832b319265772df91b804eaa08ce7cc0620f7f28508859b31?s=96&d=mm&r=g","contentUrl":"https:\/\/secure.gravatar.com\/avatar\/7e4e89a0e0eaceb832b319265772df91b804eaa08ce7cc0620f7f28508859b31?s=96&d=mm&r=g","caption":"Marine ROLLO"},"sameAs":["https:\/\/www.nutritionetsante.com"],"url":"https:\/\/www.nutritionetsante.com\/en\/author\/mrollo\/"}]}},"_links":{"self":[{"href":"https:\/\/www.nutritionetsante.com\/en\/wp-json\/wp\/v2\/posts\/12512","targetHints":{"allow":["GET"]}}],"collection":[{"href":"https:\/\/www.nutritionetsante.com\/en\/wp-json\/wp\/v2\/posts"}],"about":[{"href":"https:\/\/www.nutritionetsante.com\/en\/wp-json\/wp\/v2\/types\/post"}],"author":[{"embeddable":true,"href":"https:\/\/www.nutritionetsante.com\/en\/wp-json\/wp\/v2\/users\/17"}],"replies":[{"embeddable":true,"href":"https:\/\/www.nutritionetsante.com\/en\/wp-json\/wp\/v2\/comments?post=12512"}],"version-history":[{"count":1,"href":"https:\/\/www.nutritionetsante.com\/en\/wp-json\/wp\/v2\/posts\/12512\/revisions"}],"predecessor-version":[{"id":12513,"href":"https:\/\/www.nutritionetsante.com\/en\/wp-json\/wp\/v2\/posts\/12512\/revisions\/12513"}],"wp:featuredmedia":[{"embeddable":true,"href":"https:\/\/www.nutritionetsante.com\/en\/wp-json\/wp\/v2\/media\/12511"}],"wp:attachment":[{"href":"https:\/\/www.nutritionetsante.com\/en\/wp-json\/wp\/v2\/media?parent=12512"}],"wp:term":[{"taxonomy":"category","embeddable":true,"href":"https:\/\/www.nutritionetsante.com\/en\/wp-json\/wp\/v2\/categories?post=12512"},{"taxonomy":"post_tag","embeddable":true,"href":"https:\/\/www.nutritionetsante.com\/en\/wp-json\/wp\/v2\/tags?post=12512"}],"curies":[{"name":"wp","href":"https:\/\/api.w.org\/{rel}","templated":true}]}}